{"id":158,"date":"2024-11-26T14:52:21","date_gmt":"2024-11-26T13:52:21","guid":{"rendered":"https:\/\/borderline-anxiete-tcc.fr\/?p=158"},"modified":"2024-11-26T14:52:50","modified_gmt":"2024-11-26T13:52:50","slug":"trouble-anxieux-conscience-corporelle","status":"publish","type":"post","link":"https:\/\/borderline-anxiete-tcc.fr\/?p=158","title":{"rendered":"Trouble anxieux &amp; conscience corporelle"},"content":{"rendered":"\n<h2 class=\"wp-block-heading\">Recherche en ligne sur la conscience corporelle dans les Troubles anxieux<\/h2>\n\n\n\n<p><br>La participation \u00e0 cette \u00e9tude consiste \u00e0 r\u00e9pondre \u00e0 des questionnaires en ligne, la dur\u00e9e totale est d\u2019environ 40mn (cette passation peut \u00eatre r\u00e9alis\u00e9e en plusieurs fois sur une dur\u00e9e de 7 jours maximum). La participation est anonyme et les donn\u00e9es sont s\u00e9curis\u00e9es (serveur de l\u2019UCLouvain). Cela vous am\u00e8nera \u00e0 explorer votre rapport \u00e0 vos sensations corporelles, vos \u00e9motions, votre sentiment d\u2019identit\u00e9, votre rapport \u00e0 vous-m\u00eame et aux autres\u2026<br>Votre participation \u00e0 cette \u00e9tude contribuera \u00e0 une meilleure compr\u00e9hension de la place de la conscience corporelle et et diff\u00e9rents processus psychologiques dans les Troubles anxieux, ce qui permettra d\u2019am\u00e9liorer les prises en charges psychoth\u00e9rapeutiques de ces troubles.<br>Cette recherche a re\u00e7u l\u2019avis favorable du Comit\u00e9 de Protection des Personnes Sud-Ouest et Outre-Mer II le 1er juin 2021.<br>Les crit\u00e8res d\u2019inclusion dans l\u2019\u00e9tude sont :<br>&#8211; \u00eatre une femme<br>&#8211; \u00eatre ag\u00e9e de 20 et 59 ans<br>&#8211; avoir re\u00e7u un diagnostic de Trouble anxio-d\u00e9pressif (TOC, phobie, anxi\u00e9t\u00e9 g\u00e9n\u00e9ralis\u00e9e, trouble panique, d\u00e9pression, dysthymie\u2026)<\/p>\n\n\n\n<p>Pour toutes questions ou pour participer \u00e0 l\u2019\u00e9tude, contact&nbsp;: anne-claire.lafait@uclouvain.be ou +33 (0)6.74.36.75.23<\/p>\n\n\n\n<p>Un grand merci d\u2019avance pour votre aide \u00e0 la recherche !<\/p>\n\n\n\n<figure class=\"wp-block-image size-large is-resized\"><img loading=\"lazy\" decoding=\"async\" width=\"1024\" height=\"237\" src=\"https:\/\/borderline-anxiete-tcc.fr\/wp-content\/uploads\/2024\/11\/logo_UCLouvain_format_jpg_RVB-1024x237.jpg\" alt=\"\" class=\"wp-image-160\" style=\"width:200px;height:auto\" srcset=\"https:\/\/borderline-anxiete-tcc.fr\/wp-content\/uploads\/2024\/11\/logo_UCLouvain_format_jpg_RVB-1024x237.jpg 1024w, https:\/\/borderline-anxiete-tcc.fr\/wp-content\/uploads\/2024\/11\/logo_UCLouvain_format_jpg_RVB-300x69.jpg 300w, https:\/\/borderline-anxiete-tcc.fr\/wp-content\/uploads\/2024\/11\/logo_UCLouvain_format_jpg_RVB-768x177.jpg 768w, https:\/\/borderline-anxiete-tcc.fr\/wp-content\/uploads\/2024\/11\/logo_UCLouvain_format_jpg_RVB-1536x355.jpg 1536w, https:\/\/borderline-anxiete-tcc.fr\/wp-content\/uploads\/2024\/11\/logo_UCLouvain_format_jpg_RVB-2048x473.jpg 2048w\" sizes=\"auto, (max-width: 1024px) 100vw, 1024px\" \/><\/figure>\n\n\n\n<p><\/p>\n","protected":false},"excerpt":{"rendered":"<p>Recherche en ligne sur la conscience corporelle dans les Troubles anxieux La participation \u00e0 cette \u00e9tude consiste \u00e0 r\u00e9pondre \u00e0 [&hellip;]<\/p>\n","protected":false},"author":1,"featured_media":0,"comment_status":"closed","ping_status":"closed","sticky":false,"template":"","format":"standard","meta":{"_monsterinsights_skip_tracking":false,"_monsterinsights_sitenote_active":false,"_monsterinsights_sitenote_note":"","_monsterinsights_sitenote_category":0,"site-sidebar-layout":"default","site-content-layout":"","ast-site-content-layout":"","site-content-style":"default","site-sidebar-style":"default","ast-global-header-display":"","ast-banner-title-visibility":"","ast-main-header-display":"","ast-hfb-above-header-display":"","ast-hfb-below-header-display":"","ast-hfb-mobile-header-display":"","site-post-title":"","ast-breadcrumbs-content":"","ast-featured-img":"","footer-sml-layout":"","theme-transparent-header-meta":"","adv-header-id-meta":"","stick-header-meta":"","header-above-stick-meta":"","header-main-stick-meta":"","header-below-stick-meta":"","astra-migrate-meta-layouts":"default","ast-page-background-enabled":"default","ast-page-background-meta":{"desktop":{"background-color":"var(--ast-global-color-4)","background-image":"","background-repeat":"repeat","background-position":"center center","background-size":"auto","background-attachment":"scroll","background-type":"","background-media":"","overlay-type":"","overlay-color":"","overlay-opacity":"","overlay-gradient":""},"tablet":{"background-color":"","background-image":"","background-repeat":"repeat","background-position":"center center","background-size":"auto","background-attachment":"scroll","background-type":"","background-media":"","overlay-type":"","overlay-color":"","overlay-opacity":"","overlay-gradient":""},"mobile":{"background-color":"","background-image":"","background-repeat":"repeat","background-position":"center center","background-size":"auto","background-attachment":"scroll","background-type":"","background-media":"","overlay-type":"","overlay-color":"","overlay-opacity":"","overlay-gradient":""}},"ast-content-background-meta":{"desktop":{"background-color":"var(--ast-global-color-5)","background-image":"","background-repeat":"repeat","background-position":"center center","background-size":"auto","background-attachment":"scroll","background-type":"","background-media":"","overlay-type":"","overlay-color":"","overlay-opacity":"","overlay-gradient":""},"tablet":{"background-color":"var(--ast-global-color-5)","background-image":"","background-repeat":"repeat","background-position":"center center","background-size":"auto","background-attachment":"scroll","background-type":"","background-media":"","overlay-type":"","overlay-color":"","overlay-opacity":"","overlay-gradient":""},"mobile":{"background-color":"var(--ast-global-color-5)","background-image":"","background-repeat":"repeat","background-position":"center center","background-size":"auto","background-attachment":"scroll","background-type":"","background-media":"","overlay-type":"","overlay-color":"","overlay-opacity":"","overlay-gradient":""}},"footnotes":""},"categories":[4,7],"tags":[],"class_list":["post-158","post","type-post","status-publish","format-standard","hentry","category-anxiete","category-participer-a-une-recherche"],"yoast_head":"<!-- This site is optimized with the Yoast SEO plugin v24.5 - https:\/\/yoast.com\/wordpress\/plugins\/seo\/ -->\n<title>Trouble anxieux &amp; conscience corporelle - Borderline Anxiete TCC<\/title>\n<meta name=\"robots\" content=\"index, follow, max-snippet:-1, max-image-preview:large, max-video-preview:-1\" \/>\n<link rel=\"canonical\" href=\"https:\/\/borderline-anxiete-tcc.fr\/?p=158\" \/>\n<meta property=\"og:locale\" content=\"fr_FR\" \/>\n<meta property=\"og:type\" content=\"article\" \/>\n<meta property=\"og:title\" content=\"Trouble anxieux &amp; conscience corporelle - Borderline Anxiete TCC\" \/>\n<meta property=\"og:description\" content=\"Recherche en ligne sur la conscience corporelle dans les Troubles anxieux La participation \u00e0 cette \u00e9tude consiste \u00e0 r\u00e9pondre \u00e0 [&hellip;]\" \/>\n<meta property=\"og:url\" content=\"https:\/\/borderline-anxiete-tcc.fr\/?p=158\" \/>\n<meta property=\"og:site_name\" content=\"Borderline Anxiete TCC\" \/>\n<meta property=\"article:author\" content=\"@borderline.anxiete.tcc\" \/>\n<meta property=\"article:published_time\" content=\"2024-11-26T13:52:21+00:00\" \/>\n<meta property=\"article:modified_time\" content=\"2024-11-26T13:52:50+00:00\" \/>\n<meta property=\"og:image\" content=\"https:\/\/borderline-anxiete-tcc.fr\/wp-content\/uploads\/2024\/11\/logo_UCLouvain_format_jpg_RVB.jpg\" \/>\n\t<meta property=\"og:image:width\" content=\"2480\" \/>\n\t<meta property=\"og:image:height\" content=\"573\" \/>\n\t<meta property=\"og:image:type\" content=\"image\/jpeg\" \/>\n<meta name=\"author\" content=\"Anne-Claire LAFAIT\" \/>\n<meta name=\"twitter:card\" content=\"summary_large_image\" \/>\n<meta name=\"twitter:label1\" content=\"\u00c9crit par\" \/>\n\t<meta name=\"twitter:data1\" content=\"Anne-Claire LAFAIT\" \/>\n\t<meta name=\"twitter:label2\" content=\"Dur\u00e9e de lecture estim\u00e9e\" \/>\n\t<meta name=\"twitter:data2\" content=\"2 minutes\" \/>\n<script type=\"application\/ld+json\" class=\"yoast-schema-graph\">{\"@context\":\"https:\/\/schema.org\",\"@graph\":[{\"@type\":\"Article\",\"@id\":\"https:\/\/borderline-anxiete-tcc.fr\/?p=158#article\",\"isPartOf\":{\"@id\":\"https:\/\/borderline-anxiete-tcc.fr\/?p=158\"},\"author\":{\"name\":\"Anne-Claire LAFAIT\",\"@id\":\"https:\/\/borderline-anxiete-tcc.fr\/#\/schema\/person\/f36b531433d06fc977dec42ab139b052\"},\"headline\":\"Trouble anxieux &amp; conscience corporelle\",\"datePublished\":\"2024-11-26T13:52:21+00:00\",\"dateModified\":\"2024-11-26T13:52:50+00:00\",\"mainEntityOfPage\":{\"@id\":\"https:\/\/borderline-anxiete-tcc.fr\/?p=158\"},\"wordCount\":219,\"publisher\":{\"@id\":\"https:\/\/borderline-anxiete-tcc.fr\/#organization\"},\"image\":{\"@id\":\"https:\/\/borderline-anxiete-tcc.fr\/?p=158#primaryimage\"},\"thumbnailUrl\":\"https:\/\/borderline-anxiete-tcc.fr\/wp-content\/uploads\/2024\/11\/logo_UCLouvain_format_jpg_RVB-1024x237.jpg\",\"articleSection\":[\"Anxi\u00e9t\u00e9\",\"Participer \u00e0 une recherche\"],\"inLanguage\":\"fr-FR\"},{\"@type\":\"WebPage\",\"@id\":\"https:\/\/borderline-anxiete-tcc.fr\/?p=158\",\"url\":\"https:\/\/borderline-anxiete-tcc.fr\/?p=158\",\"name\":\"Trouble anxieux &amp; conscience corporelle - Borderline Anxiete TCC\",\"isPartOf\":{\"@id\":\"https:\/\/borderline-anxiete-tcc.fr\/#website\"},\"primaryImageOfPage\":{\"@id\":\"https:\/\/borderline-anxiete-tcc.fr\/?p=158#primaryimage\"},\"image\":{\"@id\":\"https:\/\/borderline-anxiete-tcc.fr\/?p=158#primaryimage\"},\"thumbnailUrl\":\"https:\/\/borderline-anxiete-tcc.fr\/wp-content\/uploads\/2024\/11\/logo_UCLouvain_format_jpg_RVB-1024x237.jpg\",\"datePublished\":\"2024-11-26T13:52:21+00:00\",\"dateModified\":\"2024-11-26T13:52:50+00:00\",\"breadcrumb\":{\"@id\":\"https:\/\/borderline-anxiete-tcc.fr\/?p=158#breadcrumb\"},\"inLanguage\":\"fr-FR\",\"potentialAction\":[{\"@type\":\"ReadAction\",\"target\":[\"https:\/\/borderline-anxiete-tcc.fr\/?p=158\"]}]},{\"@type\":\"ImageObject\",\"inLanguage\":\"fr-FR\",\"@id\":\"https:\/\/borderline-anxiete-tcc.fr\/?p=158#primaryimage\",\"url\":\"https:\/\/borderline-anxiete-tcc.fr\/wp-content\/uploads\/2024\/11\/logo_UCLouvain_format_jpg_RVB.jpg\",\"contentUrl\":\"https:\/\/borderline-anxiete-tcc.fr\/wp-content\/uploads\/2024\/11\/logo_UCLouvain_format_jpg_RVB.jpg\",\"width\":2480,\"height\":573},{\"@type\":\"BreadcrumbList\",\"@id\":\"https:\/\/borderline-anxiete-tcc.fr\/?p=158#breadcrumb\",\"itemListElement\":[{\"@type\":\"ListItem\",\"position\":1,\"name\":\"Home\",\"item\":\"https:\/\/borderline-anxiete-tcc.fr\/\"},{\"@type\":\"ListItem\",\"position\":2,\"name\":\"Trouble anxieux &amp; conscience corporelle\"}]},{\"@type\":\"WebSite\",\"@id\":\"https:\/\/borderline-anxiete-tcc.fr\/#website\",\"url\":\"https:\/\/borderline-anxiete-tcc.fr\/\",\"name\":\"Borderline Anxiete TCC\",\"description\":\"Vulgarisation de la recherche en psychologie clinique\",\"publisher\":{\"@id\":\"https:\/\/borderline-anxiete-tcc.fr\/#organization\"},\"potentialAction\":[{\"@type\":\"SearchAction\",\"target\":{\"@type\":\"EntryPoint\",\"urlTemplate\":\"https:\/\/borderline-anxiete-tcc.fr\/?s={search_term_string}\"},\"query-input\":{\"@type\":\"PropertyValueSpecification\",\"valueRequired\":true,\"valueName\":\"search_term_string\"}}],\"inLanguage\":\"fr-FR\"},{\"@type\":\"Organization\",\"@id\":\"https:\/\/borderline-anxiete-tcc.fr\/#organization\",\"name\":\"Borderline Anxiete TCC\",\"url\":\"https:\/\/borderline-anxiete-tcc.fr\/\",\"logo\":{\"@type\":\"ImageObject\",\"inLanguage\":\"fr-FR\",\"@id\":\"https:\/\/borderline-anxiete-tcc.fr\/#\/schema\/logo\/image\/\",\"url\":\"https:\/\/borderline-anxiete-tcc.fr\/wp-content\/uploads\/2024\/11\/cropped-BATok.png\",\"contentUrl\":\"https:\/\/borderline-anxiete-tcc.fr\/wp-content\/uploads\/2024\/11\/cropped-BATok.png\",\"width\":199,\"height\":191,\"caption\":\"Borderline Anxiete TCC\"},\"image\":{\"@id\":\"https:\/\/borderline-anxiete-tcc.fr\/#\/schema\/logo\/image\/\"}},{\"@type\":\"Person\",\"@id\":\"https:\/\/borderline-anxiete-tcc.fr\/#\/schema\/person\/f36b531433d06fc977dec42ab139b052\",\"name\":\"Anne-Claire LAFAIT\",\"image\":{\"@type\":\"ImageObject\",\"inLanguage\":\"fr-FR\",\"@id\":\"https:\/\/borderline-anxiete-tcc.fr\/#\/schema\/person\/image\/\",\"url\":\"https:\/\/secure.gravatar.com\/avatar\/40f162f16eb3bebc69d36457edcd92547be9d4964e8cdf516c9893cdd5a08c1a?s=96&d=mm&r=g\",\"contentUrl\":\"https:\/\/secure.gravatar.com\/avatar\/40f162f16eb3bebc69d36457edcd92547be9d4964e8cdf516c9893cdd5a08c1a?s=96&d=mm&r=g\",\"caption\":\"Anne-Claire LAFAIT\"},\"sameAs\":[\"https:\/\/borderline-anxiete-tcc.fr\",\"@borderline.anxiete.tcc\",\"https:\/\/www.instagram.com\/borderline.anxiete.tcc\/\"],\"url\":\"https:\/\/borderline-anxiete-tcc.fr\/?author=1\"}]}<\/script>\n<!-- \/ Yoast SEO plugin. -->","yoast_head_json":{"title":"Trouble anxieux &amp; conscience corporelle - Borderline Anxiete TCC","robots":{"index":"index","follow":"follow","max-snippet":"max-snippet:-1","max-image-preview":"max-image-preview:large","max-video-preview":"max-video-preview:-1"},"canonical":"https:\/\/borderline-anxiete-tcc.fr\/?p=158","og_locale":"fr_FR","og_type":"article","og_title":"Trouble anxieux &amp; conscience corporelle - Borderline Anxiete TCC","og_description":"Recherche en ligne sur la conscience corporelle dans les Troubles anxieux La participation \u00e0 cette \u00e9tude consiste \u00e0 r\u00e9pondre \u00e0 [&hellip;]","og_url":"https:\/\/borderline-anxiete-tcc.fr\/?p=158","og_site_name":"Borderline Anxiete TCC","article_author":"@borderline.anxiete.tcc","article_published_time":"2024-11-26T13:52:21+00:00","article_modified_time":"2024-11-26T13:52:50+00:00","og_image":[{"width":2480,"height":573,"url":"https:\/\/borderline-anxiete-tcc.fr\/wp-content\/uploads\/2024\/11\/logo_UCLouvain_format_jpg_RVB.jpg","type":"image\/jpeg"}],"author":"Anne-Claire LAFAIT","twitter_card":"summary_large_image","twitter_misc":{"\u00c9crit par":"Anne-Claire LAFAIT","Dur\u00e9e de lecture estim\u00e9e":"2 minutes"},"schema":{"@context":"https:\/\/schema.org","@graph":[{"@type":"Article","@id":"https:\/\/borderline-anxiete-tcc.fr\/?p=158#article","isPartOf":{"@id":"https:\/\/borderline-anxiete-tcc.fr\/?p=158"},"author":{"name":"Anne-Claire LAFAIT","@id":"https:\/\/borderline-anxiete-tcc.fr\/#\/schema\/person\/f36b531433d06fc977dec42ab139b052"},"headline":"Trouble anxieux &amp; conscience corporelle","datePublished":"2024-11-26T13:52:21+00:00","dateModified":"2024-11-26T13:52:50+00:00","mainEntityOfPage":{"@id":"https:\/\/borderline-anxiete-tcc.fr\/?p=158"},"wordCount":219,"publisher":{"@id":"https:\/\/borderline-anxiete-tcc.fr\/#organization"},"image":{"@id":"https:\/\/borderline-anxiete-tcc.fr\/?p=158#primaryimage"},"thumbnailUrl":"https:\/\/borderline-anxiete-tcc.fr\/wp-content\/uploads\/2024\/11\/logo_UCLouvain_format_jpg_RVB-1024x237.jpg","articleSection":["Anxi\u00e9t\u00e9","Participer \u00e0 une recherche"],"inLanguage":"fr-FR"},{"@type":"WebPage","@id":"https:\/\/borderline-anxiete-tcc.fr\/?p=158","url":"https:\/\/borderline-anxiete-tcc.fr\/?p=158","name":"Trouble anxieux &amp; conscience corporelle - Borderline Anxiete TCC","isPartOf":{"@id":"https:\/\/borderline-anxiete-tcc.fr\/#website"},"primaryImageOfPage":{"@id":"https:\/\/borderline-anxiete-tcc.fr\/?p=158#primaryimage"},"image":{"@id":"https:\/\/borderline-anxiete-tcc.fr\/?p=158#primaryimage"},"thumbnailUrl":"https:\/\/borderline-anxiete-tcc.fr\/wp-content\/uploads\/2024\/11\/logo_UCLouvain_format_jpg_RVB-1024x237.jpg","datePublished":"2024-11-26T13:52:21+00:00","dateModified":"2024-11-26T13:52:50+00:00","breadcrumb":{"@id":"https:\/\/borderline-anxiete-tcc.fr\/?p=158#breadcrumb"},"inLanguage":"fr-FR","potentialAction":[{"@type":"ReadAction","target":["https:\/\/borderline-anxiete-tcc.fr\/?p=158"]}]},{"@type":"ImageObject","inLanguage":"fr-FR","@id":"https:\/\/borderline-anxiete-tcc.fr\/?p=158#primaryimage","url":"https:\/\/borderline-anxiete-tcc.fr\/wp-content\/uploads\/2024\/11\/logo_UCLouvain_format_jpg_RVB.jpg","contentUrl":"https:\/\/borderline-anxiete-tcc.fr\/wp-content\/uploads\/2024\/11\/logo_UCLouvain_format_jpg_RVB.jpg","width":2480,"height":573},{"@type":"BreadcrumbList","@id":"https:\/\/borderline-anxiete-tcc.fr\/?p=158#breadcrumb","itemListElement":[{"@type":"ListItem","position":1,"name":"Home","item":"https:\/\/borderline-anxiete-tcc.fr\/"},{"@type":"ListItem","position":2,"name":"Trouble anxieux &amp; conscience corporelle"}]},{"@type":"WebSite","@id":"https:\/\/borderline-anxiete-tcc.fr\/#website","url":"https:\/\/borderline-anxiete-tcc.fr\/","name":"Borderline Anxiete TCC","description":"Vulgarisation de la recherche en psychologie clinique","publisher":{"@id":"https:\/\/borderline-anxiete-tcc.fr\/#organization"},"potentialAction":[{"@type":"SearchAction","target":{"@type":"EntryPoint","urlTemplate":"https:\/\/borderline-anxiete-tcc.fr\/?s={search_term_string}"},"query-input":{"@type":"PropertyValueSpecification","valueRequired":true,"valueName":"search_term_string"}}],"inLanguage":"fr-FR"},{"@type":"Organization","@id":"https:\/\/borderline-anxiete-tcc.fr\/#organization","name":"Borderline Anxiete TCC","url":"https:\/\/borderline-anxiete-tcc.fr\/","logo":{"@type":"ImageObject","inLanguage":"fr-FR","@id":"https:\/\/borderline-anxiete-tcc.fr\/#\/schema\/logo\/image\/","url":"https:\/\/borderline-anxiete-tcc.fr\/wp-content\/uploads\/2024\/11\/cropped-BATok.png","contentUrl":"https:\/\/borderline-anxiete-tcc.fr\/wp-content\/uploads\/2024\/11\/cropped-BATok.png","width":199,"height":191,"caption":"Borderline Anxiete TCC"},"image":{"@id":"https:\/\/borderline-anxiete-tcc.fr\/#\/schema\/logo\/image\/"}},{"@type":"Person","@id":"https:\/\/borderline-anxiete-tcc.fr\/#\/schema\/person\/f36b531433d06fc977dec42ab139b052","name":"Anne-Claire LAFAIT","image":{"@type":"ImageObject","inLanguage":"fr-FR","@id":"https:\/\/borderline-anxiete-tcc.fr\/#\/schema\/person\/image\/","url":"https:\/\/secure.gravatar.com\/avatar\/40f162f16eb3bebc69d36457edcd92547be9d4964e8cdf516c9893cdd5a08c1a?s=96&d=mm&r=g","contentUrl":"https:\/\/secure.gravatar.com\/avatar\/40f162f16eb3bebc69d36457edcd92547be9d4964e8cdf516c9893cdd5a08c1a?s=96&d=mm&r=g","caption":"Anne-Claire LAFAIT"},"sameAs":["https:\/\/borderline-anxiete-tcc.fr","@borderline.anxiete.tcc","https:\/\/www.instagram.com\/borderline.anxiete.tcc\/"],"url":"https:\/\/borderline-anxiete-tcc.fr\/?author=1"}]}},"_links":{"self":[{"href":"https:\/\/borderline-anxiete-tcc.fr\/index.php?rest_route=\/wp\/v2\/posts\/158","targetHints":{"allow":["GET"]}}],"collection":[{"href":"https:\/\/borderline-anxiete-tcc.fr\/index.php?rest_route=\/wp\/v2\/posts"}],"about":[{"href":"https:\/\/borderline-anxiete-tcc.fr\/index.php?rest_route=\/wp\/v2\/types\/post"}],"author":[{"embeddable":true,"href":"https:\/\/borderline-anxiete-tcc.fr\/index.php?rest_route=\/wp\/v2\/users\/1"}],"replies":[{"embeddable":true,"href":"https:\/\/borderline-anxiete-tcc.fr\/index.php?rest_route=%2Fwp%2Fv2%2Fcomments&post=158"}],"version-history":[{"count":2,"href":"https:\/\/borderline-anxiete-tcc.fr\/index.php?rest_route=\/wp\/v2\/posts\/158\/revisions"}],"predecessor-version":[{"id":161,"href":"https:\/\/borderline-anxiete-tcc.fr\/index.php?rest_route=\/wp\/v2\/posts\/158\/revisions\/161"}],"wp:attachment":[{"href":"https:\/\/borderline-anxiete-tcc.fr\/index.php?rest_route=%2Fwp%2Fv2%2Fmedia&parent=158"}],"wp:term":[{"taxonomy":"category","embeddable":true,"href":"https:\/\/borderline-anxiete-tcc.fr\/index.php?rest_route=%2Fwp%2Fv2%2Fcategories&post=158"},{"taxonomy":"post_tag","embeddable":true,"href":"https:\/\/borderline-anxiete-tcc.fr\/index.php?rest_route=%2Fwp%2Fv2%2Ftags&post=158"}],"curies":[{"name":"wp","href":"https:\/\/api.w.org\/{rel}","templated":true}]}}