{"id":199,"date":"2024-12-07T12:26:09","date_gmt":"2024-12-07T11:26:09","guid":{"rendered":"https:\/\/borderline-anxiete-tcc.fr\/?p=199"},"modified":"2025-07-10T12:43:40","modified_gmt":"2025-07-10T10:43:40","slug":"corps-et-trouble-borderline","status":"publish","type":"post","link":"https:\/\/borderline-anxiete-tcc.fr\/?p=199","title":{"rendered":"Corps et trouble borderline"},"content":{"rendered":"\n<h2 class=\"wp-block-heading\">La conscience corporelle<\/h2>\n\n\n\n<p>La conscience corporelle est une notion complexe, comportant de multiples facettes et dont la d\u00e9finition et les modalit\u00e9s d\u2019\u00e9valuation ont donn\u00e9 lieu \u00e0 des options parfois contradictoires.<\/p>\n\n\n\n<p>Pendant longtemps la litt\u00e9rature scientifique a associ\u00e9 la conscience corporelle \u00e0 des troubles psychologiques, s&rsquo;attachant uniquement \u00e0 la tendance \u00e0 la focalisation anxieuse de l&rsquo;attention sur les sympt\u00f4mes corporels telle qu&rsquo;on la rencontre dans l&rsquo;anxi\u00e9t\u00e9, la d\u00e9pression ou la somatisation.<\/p>\n\n\n\n<p>Plus r\u00e9cemment certain.e.s chercheurs.euse.s se sont int\u00e9ress\u00e9.e.s \u00e0 une conception de la conscience corporelle en tant que capacit\u00e9 adaptative associ\u00e9e \u00e0 une bonne sant\u00e9 psychique. Cette capacit\u00e9 de conscience corporelle adaptative est caract\u00e9ris\u00e9e par une attitude de pleine conscience et d&rsquo;acceptation non jugeante des sensations physiques dans le moment pr\u00e9sent.<\/p>\n\n\n\n<p>Ces deux conceptions mettent en \u00e9vidence deux attitudes que nous pouvons adopter vis-\u00e0-vis de nos sensations corporelles : une attitude \u00ab\u00a0maladaptative\u00a0\u00bb d&rsquo;hypervigilance o\u00f9 le moindre signal corporel est ressenti comme inqui\u00e9tant ; une attitude adaptative qui peut notamment \u00eatre d\u00e9velopp\u00e9e par des pratiques de r\u00e9gulation de l&rsquo;attention port\u00e9e au corps et aux \u00e9motions, comme la pleine conscience ou certaines pratiques somatiques.<\/p>\n\n\n\n<p>Des d\u00e9bats ont cours dans la recherche sur la mani\u00e8re de mesurer la conscience corporelle. Doit-on utiliser des mesures dites \u00ab\u00a0objectives\u00a0\u00bb (t\u00e2ches exp\u00e9rimentales de comptage des battements cardiaques par exemple) ? Ou bien des mesures plus subjectives, comme des questionnaires qui investiguent notre exp\u00e9rience v\u00e9cue des sensations et du lien que nous entretenons avec elles ? Nous reviendrons sur cette question int\u00e9ressante lors d&rsquo;un futur article.<\/p>\n\n\n\n<p>Dans la suite de ce texte (et plus globalement sur ce site), nous utiliserons le terme de conscience corporelle pour d\u00e9signer l&rsquo;exp\u00e9rience subjective (auto-rapport\u00e9e) de la perception et du traitement des sensations corporelles (int\u00e9roceptives et proprioceptives). Cette exp\u00e9rience pouvant \u00eatre v\u00e9cue dans une attitude adaptative (allant dans le sens d&rsquo;une meilleure sant\u00e9 psychique) ou maladaptative (renfor\u00e7ant les troubles ou difficult\u00e9s psychologiques).<\/p>\n\n\n\n<h2 class=\"wp-block-heading\">Conscience corporelle et trouble de la personnalit\u00e9 borderline (TPB)<\/h2>\n\n\n\n<p>Plusieurs \u00e9tudes montrent le r\u00f4le important jou\u00e9 par la conscience corporelle dans les capacit\u00e9s de r\u00e9gulation \u00e9motionnelle. En effet, la capacit\u00e9 \u00e0 r\u00e9guler nos \u00e9motions repose sur la conscience de nos \u00e9tats \u00e9motionnels et donc des sensations corporelles associ\u00e9es \u00e0 ces \u00e9motions. La dysr\u00e9gulation \u00e9motionnelle est une caract\u00e9ristique centrale du Trouble de la personnalit\u00e9 borderline (TPB), ce trouble pouvant \u00eatre consid\u00e9r\u00e9 comme un \u00e9tat de dysr\u00e9gulation \u00e9motionnelle extr\u00eame. Il est donc int\u00e9ressant de se questionner sur la place et le r\u00f4le de la conscience corporelle dans le trouble borderline. La conscience corporelle et le rapport au corps peuvent par ailleurs \u00eatre mis en lien avec plusieurs autres sympt\u00f4mes centraux du TPB&nbsp;: la dissociation, les conduites auto-mutilatoires, la probl\u00e9matique identitaire, la honte existentielle (qui am\u00e8ne \u00e0 se couper du contact avec soi-m\u00eame)&#8230; De plus, la conscience corporelle a \u00e9t\u00e9 mise en \u00e9vidence comme un principe actif des approches bas\u00e9es sur la pleine conscience, ces approches \u00e9tant au centre de certaines th\u00e9rapies valid\u00e9es pour le TPB, la Th\u00e9rapie comportementale dialectique (TCD) notamment.<\/p>\n\n\n\n<p>Pourtant, la conscience corporelle en tant que telle a encore \u00e9t\u00e9 tr\u00e8s peu \u00e9tudi\u00e9e dans le cadre du TPB et de la symptomatologie borderline. Les recherches portant sur le rapport au corps dans le TPB se sont majoritairement int\u00e9ress\u00e9es :<\/p>\n\n\n\n<ul class=\"wp-block-list\">\n<li>\u00e0 la question de la perception de la douleur, mettant en \u00e9vidence un paradoxe entre une perception exacerb\u00e9e de la douleur chronique et une perception d\u00e9ficitaire de la douleur aigue. \u00e0 l&rsquo;image du corps.<\/li>\n\n\n\n<li>\u00e0 la \u00ab\u00a0sensation de propri\u00e9t\u00e9 de son corps\u00a0\u00bb (body ownership : capacit\u00e9 \u00e0 percevoir que ce que je vois est ou n&rsquo;est pas mon corps) et la \u00ab\u00a0plasticit\u00e9 corporelle\u00a0\u00bb, qui correspond \u00e0 une vuln\u00e9rabilit\u00e9 aux perceptions illusoires de son propre corps.<\/li>\n\n\n\n<li>\u00e0 la conscience corporelle \u00e9valu\u00e9e de mani\u00e8re \u00ab\u00a0objective\u00a0\u00bb vis des t\u00e2ches de comptage des battements cardiaques ou des mesures des \u00e9tats physiologiques.<\/li>\n<\/ul>\n\n\n\n<p>Les processus de dissociation et d&rsquo;\u00e9vitement exp\u00e9rientiel ont \u00e9galement \u00e9t\u00e9 beaucoup \u00e9tudi\u00e9s dans le cadre du TPB. Ces deux processus peuvent \u00eatre consid\u00e9r\u00e9s en partie comme des \u00e9vitements de la conscience du corps, certaines \u00e9chelles de dissociation \u00e9valuent en effet la dissociation corporelle. Cependant, \u00e0 notre connaissance, aucune \u00e9tude empirique sur ces deux processus (dissociation et \u00e9vitement corporelle) ne s&rsquo;est encore directement int\u00e9ress\u00e9e \u00e0 leur lien avec la conscience corporelle telle que d\u00e9finie ci-dessus.<\/p>\n\n\n\n<p>Les recherches actuelles que nous partagerons sur ce site, ont pour objectif de mieux comprendre la place de la conscience corporelle comme \u00ab\u00a0zone de vuln\u00e9rabilit\u00e9\u00a0\u00bb dans le trouble borderline et son r\u00f4le comme possible m\u00e9canisme d&rsquo;action des psychoth\u00e9rapies de ce trouble. Nous pensons que ces connaissances pourraient permettre d\u2019am\u00e9liorer la compr\u00e9hension de la probl\u00e9matique borderline et de mieux accompagner en psychoth\u00e9rapie les personnes porteuses de ce trouble gr\u00e2ce \u00e0 un meilleure compr\u00e9hension de ce sur quoi la th\u00e9rapie agit.<\/p>\n\n\n\n<h2 class=\"wp-block-heading\">Nos recherches r\u00e9centes et en cours<\/h2>\n\n\n\n<p>Nous partagerons progressivement les r\u00e9sultats de trois \u00e9tudes. La premi\u00e8re porte sur le lien entre la conscience corporelle et la symptomatologie borderline en population g\u00e9n\u00e9rale (ie chez des personnes qui n&rsquo;ont pas re\u00e7u de diagnostic). La deuxi\u00e8me compare la conscience corporelle dans trois groupes de personnes : des personnes ayant re\u00e7u un diagnostic de TPB, des personnes ayant re\u00e7u un diagnostic de trouble anxieux et des personnes sans diagnostic psychiatrique. Une troisi\u00e8me \u00e9tude (en cours) porte sur le \u00ab\u00a0r\u00f4le m\u00e9diateur\u00a0\u00bb de la conscience corporelle dans l&rsquo;effet de la psychoth\u00e9rapie du TPB. C\u2019est-\u00e0-dire \u00e0 nous cherchons \u00e0 savoir dans quelle mesure l&rsquo;am\u00e9lioration de la conscience corporelle participe \u00e0 l&rsquo;effet de la psychoth\u00e9rapie sur l&rsquo;am\u00e9lioration des sympt\u00f4mes et processus probl\u00e9matiques du TPB.<\/p>\n\n\n\n<figure class=\"wp-block-image alignright size-full is-resized\"><a href=\"https:\/\/borderline-anxiete-tcc.fr\/?page_id=19\" target=\"_blank\" rel=\" noreferrer noopener\"><img loading=\"lazy\" decoding=\"async\" width=\"359\" height=\"331\" src=\"https:\/\/borderline-anxiete-tcc.fr\/wp-content\/uploads\/2024\/12\/VignetteNomACL.png\" alt=\"\" class=\"wp-image-243\" style=\"width:141px;height:auto\" srcset=\"https:\/\/borderline-anxiete-tcc.fr\/wp-content\/uploads\/2024\/12\/VignetteNomACL.png 359w, https:\/\/borderline-anxiete-tcc.fr\/wp-content\/uploads\/2024\/12\/VignetteNomACL-300x277.png 300w\" sizes=\"auto, (max-width: 359px) 100vw, 359px\" \/><\/a><\/figure>\n\n\n\n<figure class=\"wp-block-image size-large is-resized\"><a href=\"https:\/\/www.instagram.com\/borderline.anxiete.tcc\/\" target=\"_blank\" rel=\" noreferrer noopener\"><img loading=\"lazy\" decoding=\"async\" width=\"1024\" height=\"1024\" src=\"https:\/\/borderline-anxiete-tcc.fr\/wp-content\/uploads\/2024\/11\/Logo-Instagram-1024x1024.jpg\" alt=\"\" class=\"wp-image-178\" style=\"width:67px;height:auto\" srcset=\"https:\/\/borderline-anxiete-tcc.fr\/wp-content\/uploads\/2024\/11\/Logo-Instagram-1024x1024.jpg 1024w, https:\/\/borderline-anxiete-tcc.fr\/wp-content\/uploads\/2024\/11\/Logo-Instagram-300x300.jpg 300w, https:\/\/borderline-anxiete-tcc.fr\/wp-content\/uploads\/2024\/11\/Logo-Instagram-150x150.jpg 150w, https:\/\/borderline-anxiete-tcc.fr\/wp-content\/uploads\/2024\/11\/Logo-Instagram-768x768.jpg 768w, https:\/\/borderline-anxiete-tcc.fr\/wp-content\/uploads\/2024\/11\/Logo-Instagram.jpg 1200w\" sizes=\"auto, (max-width: 1024px) 100vw, 1024px\" \/><\/a><\/figure>\n\n\n\n<h2 class=\"wp-block-heading\">R\u00e9f\u00e9rences<\/h2>\n\n\n\n<ul class=\"wp-block-list\">\n<li class=\"has-small-font-size\">Carpenter, R. et Trull, T. (2015). The Pain Paradox: Borderline Personality Disorder Features, Self-Harm History, and the Experience of Pain. Personality Disorders: Theory, Research, and Treatment, 6(2), 141\u2013151. http:\/\/dx.doi.org\/10.1037\/per0000112<\/li>\n\n\n\n<li class=\"has-small-font-size\">Flasbeck, V. (2020). Altered interoception in patients with borderline personality disorder : A study using heartbeat-evoked potentials. <em>Borderline Personality Disorder and Emotion Dysregulation<\/em>, 7:24. https:\/\/doi.org\/10.1186\/s40479-020-00139-1<\/li>\n\n\n\n<li class=\"has-small-font-size\">Fustos, J., Gramann, K., Herbert, B. M., &amp; Pollatos, O. (2012). On the embodiment of emotion regulation\u202f: Interoceptive awareness facilitates reappraisal. <em>Oxford University Press SCAN<\/em>, 8, 911-917. doi:10.1093\/scan\/nss089<\/li>\n\n\n\n<li class=\"has-small-font-size\">Garfinkel, S. N., Seth, A. K., Barrett, A. B., Suzuki, K., &amp; Critchley, H. D. (2015). Knowing your own heart\u202f: Distinguishing interoceptive accuracy from interoceptive awareness. <em>Biological Psychology<\/em>, 104, 65\u201174. https:\/\/doi.org\/10.1016\/j.biopsycho.2014.11.004<\/li>\n\n\n\n<li class=\"has-small-font-size\">H\u00f6lzel, B. K., Lazar, S. W., Gard, T., Schuman-Olivier, Z., Vago, D. R., &amp; Ott, U. (2011). How Does Mindfulness Meditation Work? Proposing Mechanisms of Action From a Conceptual and Neural Perspective. <em>Perspectives on Psychological Science<\/em>, 6(6), 537\u2011559. https:\/\/doi.org\/10.1177\/1745691611419671<\/li>\n\n\n\n<li class=\"has-small-font-size\">Kleindienst, N., Priebe, K., Borgmann, E., Cornelisse, S., Kr\u00fcger, A., Ebner-Priemer, U., &amp; Dyer, A. (2014). Body self-evaluation and physical scars in patients with borderline personality disorder : An observational study. <em>Borderline Personality Disorder and Emotion Dysregulation<\/em>, 1(1), 2. https:\/\/doi.org\/10.1186\/2051-6673-1-2<\/li>\n\n\n\n<li class=\"has-small-font-size\">Linehan, M. M., &amp; Frances, A. (1993). <em>Cognitive-behavioral treatment of borderline personality disorder<\/em>. Guilford press (New York).<\/li>\n\n\n\n<li class=\"has-small-font-size\">L\u00f6ffler, A., Kleindienst, N., Cackowski, S., Schmidinger, I., &amp; Bekrater-Bodmann, R. (2020). Reductions in Whole-body Ownership in Borderline Personality Disorder \u2013 A Phenomenological Manifestation of Dissociation. <em>Journal of Trauma &amp; Dissociation<\/em>, 21(2), 264-277. https:\/\/doi.org\/10.1080\/15299732.2019.1678213<\/li>\n\n\n\n<li class=\"has-small-font-size\">Lud\u00e4scher, Petra, von Kalckreuth, C., Parzer, P., Kaess, M., Resch, F., Bohus, M., Schmahl, C., &amp; Brunner, R. (2015). Pain perception in female adolescents with borderline personality disorder. <em>European Child &amp; Adolescent Psychiatry<\/em>, 24(3), 351-357. https:\/\/doi.org\/10.1007\/s00787-014-0585-0<\/li>\n\n\n\n<li class=\"has-small-font-size\">Mehling, W. E., Gopisetty, V., Daubenmier, J., Price, C. J., Hecht, F. M., &amp; Stewart, A. (2009). Body Awareness\u202f: Construct and Self-Report Measures. <em>PLoS ONE<\/em>, 4(5), e5614. https:\/\/doi.org\/10.1371\/journal.pone.0005614<\/li>\n\n\n\n<li class=\"has-small-font-size\">Mehling, W. E., Price, C., Daubenmier, J. J., Acree, M., Bartmess, E., &amp; Stewart, A. (2012). The Multidimensional Assessment of Interoceptive Awareness (MAIA). <em>PLoS ONE<\/em>, 7(11), e48230. https:\/\/doi.org\/10.1371\/journal.pone.0048230<\/li>\n\n\n\n<li class=\"has-small-font-size\">M\u00f6ller, T. J. (2020). The Senses of Agency and Ownership in Patients With Borderline Personality Disorder. <em>Frontiers in Psychiatry<\/em>, 11, 13.<\/li>\n\n\n\n<li class=\"has-small-font-size\">Neustadter, E., Fineberg, S., Leavitt, J., Carr, M., &amp; Corlett, P. (2020). Induced Illusory Body Ownership in Borderline Personality Disorder. <em>Biological Psychiatry<\/em>, 87(9), S187. https:\/\/doi.org\/10.1016\/j.biopsych.2020.02.1184<\/li>\n\n\n\n<li class=\"has-small-font-size\">P\u00e9rez-Pe\u00f1a, M.; Notermans, J.; Desmedt, O.; Van der Gucht, K.; Philippot, P. (2022). Mindfulness-Based Interventions and Body Awareness. <em>Brain Sci<\/em>, 12, 285. https:\/\/ doi.org\/10.3390\/brainsci12020285<\/li>\n\n\n\n<li class=\"has-small-font-size\">Schmitz, M., M\u00fcller, L., Schulz, A., Kleindienst, N., Herpertz, S., Bertsch, K. (2020). Heart and brain: Cortical representation of cardiac signals is disturbed in borderline personality disorder, but unaffected by oxytocin administration. Journal of Affective Disorders, 264, 24-28. https:\/\/doi.org\/10.1016\/j.jad.2019.11.139.<\/li>\n\n\n\n<li class=\"has-small-font-size\">Tragesser, S. L., Bruns, D., &amp; Disorbio, J. M. (2010). Borderline personality disorder features and pain : The mediating role of negative affect in a pain patient sample. <em>The Clinical journal of pain<\/em>, 26(4), 348-353. https:\/\/doi.org\/10.1097\/AJP.0b013e3181cd1710<\/li>\n\n\n\n<li class=\"has-small-font-size\">Winter, D., Koplin, K., &amp; Lis, S. (2015). Can\u2019t stand the look in the mirror? Self-awareness avoidance in borderline personality disorder. <em>Borderline Personality Disorder and Emotion Dysregulation<\/em>, 2(1). https:\/\/doi.org\/10.1186\/s40479-015-0034-9<\/li>\n<\/ul>\n","protected":false},"excerpt":{"rendered":"<p>La conscience corporelle La conscience corporelle est une notion complexe, comportant de multiples facettes et dont la d\u00e9finition et les [&hellip;]<\/p>\n","protected":false},"author":1,"featured_media":0,"comment_status":"closed","ping_status":"closed","sticky":false,"template":"","format":"standard","meta":{"_monsterinsights_skip_tracking":false,"_monsterinsights_sitenote_active":false,"_monsterinsights_sitenote_note":"","_monsterinsights_sitenote_category":0,"site-sidebar-layout":"default","site-content-layout":"","ast-site-content-layout":"","site-content-style":"default","site-sidebar-style":"default","ast-global-header-display":"","ast-banner-title-visibility":"","ast-main-header-display":"","ast-hfb-above-header-display":"","ast-hfb-below-header-display":"","ast-hfb-mobile-header-display":"","site-post-title":"","ast-breadcrumbs-content":"","ast-featured-img":"","footer-sml-layout":"","theme-transparent-header-meta":"","adv-header-id-meta":"","stick-header-meta":"","header-above-stick-meta":"","header-main-stick-meta":"","header-below-stick-meta":"","astra-migrate-meta-layouts":"default","ast-page-background-enabled":"default","ast-page-background-meta":{"desktop":{"background-color":"var(--ast-global-color-4)","background-image":"","background-repeat":"repeat","background-position":"center center","background-size":"auto","background-attachment":"scroll","background-type":"","background-media":"","overlay-type":"","overlay-color":"","overlay-opacity":"","overlay-gradient":""},"tablet":{"background-color":"","background-image":"","background-repeat":"repeat","background-position":"center center","background-size":"auto","background-attachment":"scroll","background-type":"","background-media":"","overlay-type":"","overlay-color":"","overlay-opacity":"","overlay-gradient":""},"mobile":{"background-color":"","background-image":"","background-repeat":"repeat","background-position":"center center","background-size":"auto","background-attachment":"scroll","background-type":"","background-media":"","overlay-type":"","overlay-color":"","overlay-opacity":"","overlay-gradient":""}},"ast-content-background-meta":{"desktop":{"background-color":"var(--ast-global-color-5)","background-image":"","background-repeat":"repeat","background-position":"center center","background-size":"auto","background-attachment":"scroll","background-type":"","background-media":"","overlay-type":"","overlay-color":"","overlay-opacity":"","overlay-gradient":""},"tablet":{"background-color":"var(--ast-global-color-5)","background-image":"","background-repeat":"repeat","background-position":"center center","background-size":"auto","background-attachment":"scroll","background-type":"","background-media":"","overlay-type":"","overlay-color":"","overlay-opacity":"","overlay-gradient":""},"mobile":{"background-color":"var(--ast-global-color-5)","background-image":"","background-repeat":"repeat","background-position":"center center","background-size":"auto","background-attachment":"scroll","background-type":"","background-media":"","overlay-type":"","overlay-color":"","overlay-opacity":"","overlay-gradient":""}},"footnotes":""},"categories":[5],"tags":[],"class_list":["post-199","post","type-post","status-publish","format-standard","hentry","category-borderline"],"yoast_head":"<!-- This site is optimized with the Yoast SEO plugin v24.5 - https:\/\/yoast.com\/wordpress\/plugins\/seo\/ -->\n<title>Corps et trouble borderline - Borderline Anxiete TCC<\/title>\n<meta name=\"robots\" content=\"index, follow, max-snippet:-1, max-image-preview:large, max-video-preview:-1\" \/>\n<link rel=\"canonical\" href=\"https:\/\/borderline-anxiete-tcc.fr\/?p=199\" \/>\n<meta property=\"og:locale\" content=\"fr_FR\" \/>\n<meta property=\"og:type\" content=\"article\" \/>\n<meta property=\"og:title\" content=\"Corps et trouble borderline - Borderline Anxiete TCC\" \/>\n<meta property=\"og:description\" content=\"La conscience corporelle La conscience corporelle est une notion complexe, comportant de multiples facettes et dont la d\u00e9finition et les [&hellip;]\" \/>\n<meta property=\"og:url\" content=\"https:\/\/borderline-anxiete-tcc.fr\/?p=199\" \/>\n<meta property=\"og:site_name\" content=\"Borderline Anxiete TCC\" \/>\n<meta property=\"article:author\" content=\"@borderline.anxiete.tcc\" \/>\n<meta property=\"article:published_time\" content=\"2024-12-07T11:26:09+00:00\" \/>\n<meta property=\"article:modified_time\" content=\"2025-07-10T10:43:40+00:00\" \/>\n<meta property=\"og:image\" content=\"https:\/\/borderline-anxiete-tcc.fr\/wp-content\/uploads\/2024\/12\/VignetteNomACL.png\" \/>\n\t<meta property=\"og:image:width\" content=\"359\" \/>\n\t<meta property=\"og:image:height\" content=\"331\" \/>\n\t<meta property=\"og:image:type\" content=\"image\/png\" \/>\n<meta name=\"author\" content=\"Anne-Claire LAFAIT\" \/>\n<meta name=\"twitter:card\" content=\"summary_large_image\" \/>\n<meta name=\"twitter:label1\" content=\"\u00c9crit par\" \/>\n\t<meta name=\"twitter:data1\" content=\"Anne-Claire LAFAIT\" \/>\n\t<meta name=\"twitter:label2\" content=\"Dur\u00e9e de lecture estim\u00e9e\" \/>\n\t<meta name=\"twitter:data2\" content=\"8 minutes\" \/>\n<script type=\"application\/ld+json\" class=\"yoast-schema-graph\">{\"@context\":\"https:\/\/schema.org\",\"@graph\":[{\"@type\":\"Article\",\"@id\":\"https:\/\/borderline-anxiete-tcc.fr\/?p=199#article\",\"isPartOf\":{\"@id\":\"https:\/\/borderline-anxiete-tcc.fr\/?p=199\"},\"author\":{\"name\":\"Anne-Claire LAFAIT\",\"@id\":\"https:\/\/borderline-anxiete-tcc.fr\/#\/schema\/person\/f36b531433d06fc977dec42ab139b052\"},\"headline\":\"Corps et trouble borderline\",\"datePublished\":\"2024-12-07T11:26:09+00:00\",\"dateModified\":\"2025-07-10T10:43:40+00:00\",\"mainEntityOfPage\":{\"@id\":\"https:\/\/borderline-anxiete-tcc.fr\/?p=199\"},\"wordCount\":1549,\"publisher\":{\"@id\":\"https:\/\/borderline-anxiete-tcc.fr\/#organization\"},\"image\":{\"@id\":\"https:\/\/borderline-anxiete-tcc.fr\/?p=199#primaryimage\"},\"thumbnailUrl\":\"https:\/\/borderline-anxiete-tcc.fr\/wp-content\/uploads\/2024\/12\/VignetteNomACL.png\",\"articleSection\":[\"Borderline\"],\"inLanguage\":\"fr-FR\"},{\"@type\":\"WebPage\",\"@id\":\"https:\/\/borderline-anxiete-tcc.fr\/?p=199\",\"url\":\"https:\/\/borderline-anxiete-tcc.fr\/?p=199\",\"name\":\"Corps et trouble borderline - Borderline Anxiete TCC\",\"isPartOf\":{\"@id\":\"https:\/\/borderline-anxiete-tcc.fr\/#website\"},\"primaryImageOfPage\":{\"@id\":\"https:\/\/borderline-anxiete-tcc.fr\/?p=199#primaryimage\"},\"image\":{\"@id\":\"https:\/\/borderline-anxiete-tcc.fr\/?p=199#primaryimage\"},\"thumbnailUrl\":\"https:\/\/borderline-anxiete-tcc.fr\/wp-content\/uploads\/2024\/12\/VignetteNomACL.png\",\"datePublished\":\"2024-12-07T11:26:09+00:00\",\"dateModified\":\"2025-07-10T10:43:40+00:00\",\"breadcrumb\":{\"@id\":\"https:\/\/borderline-anxiete-tcc.fr\/?p=199#breadcrumb\"},\"inLanguage\":\"fr-FR\",\"potentialAction\":[{\"@type\":\"ReadAction\",\"target\":[\"https:\/\/borderline-anxiete-tcc.fr\/?p=199\"]}]},{\"@type\":\"ImageObject\",\"inLanguage\":\"fr-FR\",\"@id\":\"https:\/\/borderline-anxiete-tcc.fr\/?p=199#primaryimage\",\"url\":\"https:\/\/borderline-anxiete-tcc.fr\/wp-content\/uploads\/2024\/12\/VignetteNomACL.png\",\"contentUrl\":\"https:\/\/borderline-anxiete-tcc.fr\/wp-content\/uploads\/2024\/12\/VignetteNomACL.png\",\"width\":359,\"height\":331},{\"@type\":\"BreadcrumbList\",\"@id\":\"https:\/\/borderline-anxiete-tcc.fr\/?p=199#breadcrumb\",\"itemListElement\":[{\"@type\":\"ListItem\",\"position\":1,\"name\":\"Home\",\"item\":\"https:\/\/borderline-anxiete-tcc.fr\/\"},{\"@type\":\"ListItem\",\"position\":2,\"name\":\"Corps et trouble borderline\"}]},{\"@type\":\"WebSite\",\"@id\":\"https:\/\/borderline-anxiete-tcc.fr\/#website\",\"url\":\"https:\/\/borderline-anxiete-tcc.fr\/\",\"name\":\"Borderline Anxiete TCC\",\"description\":\"Vulgarisation de la recherche en psychologie clinique\",\"publisher\":{\"@id\":\"https:\/\/borderline-anxiete-tcc.fr\/#organization\"},\"potentialAction\":[{\"@type\":\"SearchAction\",\"target\":{\"@type\":\"EntryPoint\",\"urlTemplate\":\"https:\/\/borderline-anxiete-tcc.fr\/?s={search_term_string}\"},\"query-input\":{\"@type\":\"PropertyValueSpecification\",\"valueRequired\":true,\"valueName\":\"search_term_string\"}}],\"inLanguage\":\"fr-FR\"},{\"@type\":\"Organization\",\"@id\":\"https:\/\/borderline-anxiete-tcc.fr\/#organization\",\"name\":\"Borderline Anxiete TCC\",\"url\":\"https:\/\/borderline-anxiete-tcc.fr\/\",\"logo\":{\"@type\":\"ImageObject\",\"inLanguage\":\"fr-FR\",\"@id\":\"https:\/\/borderline-anxiete-tcc.fr\/#\/schema\/logo\/image\/\",\"url\":\"https:\/\/borderline-anxiete-tcc.fr\/wp-content\/uploads\/2024\/11\/cropped-BATok.png\",\"contentUrl\":\"https:\/\/borderline-anxiete-tcc.fr\/wp-content\/uploads\/2024\/11\/cropped-BATok.png\",\"width\":199,\"height\":191,\"caption\":\"Borderline Anxiete TCC\"},\"image\":{\"@id\":\"https:\/\/borderline-anxiete-tcc.fr\/#\/schema\/logo\/image\/\"}},{\"@type\":\"Person\",\"@id\":\"https:\/\/borderline-anxiete-tcc.fr\/#\/schema\/person\/f36b531433d06fc977dec42ab139b052\",\"name\":\"Anne-Claire LAFAIT\",\"image\":{\"@type\":\"ImageObject\",\"inLanguage\":\"fr-FR\",\"@id\":\"https:\/\/borderline-anxiete-tcc.fr\/#\/schema\/person\/image\/\",\"url\":\"https:\/\/secure.gravatar.com\/avatar\/40f162f16eb3bebc69d36457edcd92547be9d4964e8cdf516c9893cdd5a08c1a?s=96&d=mm&r=g\",\"contentUrl\":\"https:\/\/secure.gravatar.com\/avatar\/40f162f16eb3bebc69d36457edcd92547be9d4964e8cdf516c9893cdd5a08c1a?s=96&d=mm&r=g\",\"caption\":\"Anne-Claire LAFAIT\"},\"sameAs\":[\"https:\/\/borderline-anxiete-tcc.fr\",\"@borderline.anxiete.tcc\",\"https:\/\/www.instagram.com\/borderline.anxiete.tcc\/\"],\"url\":\"https:\/\/borderline-anxiete-tcc.fr\/?author=1\"}]}<\/script>\n<!-- \/ Yoast SEO plugin. -->","yoast_head_json":{"title":"Corps et trouble borderline - Borderline Anxiete TCC","robots":{"index":"index","follow":"follow","max-snippet":"max-snippet:-1","max-image-preview":"max-image-preview:large","max-video-preview":"max-video-preview:-1"},"canonical":"https:\/\/borderline-anxiete-tcc.fr\/?p=199","og_locale":"fr_FR","og_type":"article","og_title":"Corps et trouble borderline - Borderline Anxiete TCC","og_description":"La conscience corporelle La conscience corporelle est une notion complexe, comportant de multiples facettes et dont la d\u00e9finition et les [&hellip;]","og_url":"https:\/\/borderline-anxiete-tcc.fr\/?p=199","og_site_name":"Borderline Anxiete TCC","article_author":"@borderline.anxiete.tcc","article_published_time":"2024-12-07T11:26:09+00:00","article_modified_time":"2025-07-10T10:43:40+00:00","og_image":[{"width":359,"height":331,"url":"https:\/\/borderline-anxiete-tcc.fr\/wp-content\/uploads\/2024\/12\/VignetteNomACL.png","type":"image\/png"}],"author":"Anne-Claire LAFAIT","twitter_card":"summary_large_image","twitter_misc":{"\u00c9crit par":"Anne-Claire LAFAIT","Dur\u00e9e de lecture estim\u00e9e":"8 minutes"},"schema":{"@context":"https:\/\/schema.org","@graph":[{"@type":"Article","@id":"https:\/\/borderline-anxiete-tcc.fr\/?p=199#article","isPartOf":{"@id":"https:\/\/borderline-anxiete-tcc.fr\/?p=199"},"author":{"name":"Anne-Claire LAFAIT","@id":"https:\/\/borderline-anxiete-tcc.fr\/#\/schema\/person\/f36b531433d06fc977dec42ab139b052"},"headline":"Corps et trouble borderline","datePublished":"2024-12-07T11:26:09+00:00","dateModified":"2025-07-10T10:43:40+00:00","mainEntityOfPage":{"@id":"https:\/\/borderline-anxiete-tcc.fr\/?p=199"},"wordCount":1549,"publisher":{"@id":"https:\/\/borderline-anxiete-tcc.fr\/#organization"},"image":{"@id":"https:\/\/borderline-anxiete-tcc.fr\/?p=199#primaryimage"},"thumbnailUrl":"https:\/\/borderline-anxiete-tcc.fr\/wp-content\/uploads\/2024\/12\/VignetteNomACL.png","articleSection":["Borderline"],"inLanguage":"fr-FR"},{"@type":"WebPage","@id":"https:\/\/borderline-anxiete-tcc.fr\/?p=199","url":"https:\/\/borderline-anxiete-tcc.fr\/?p=199","name":"Corps et trouble borderline - Borderline Anxiete TCC","isPartOf":{"@id":"https:\/\/borderline-anxiete-tcc.fr\/#website"},"primaryImageOfPage":{"@id":"https:\/\/borderline-anxiete-tcc.fr\/?p=199#primaryimage"},"image":{"@id":"https:\/\/borderline-anxiete-tcc.fr\/?p=199#primaryimage"},"thumbnailUrl":"https:\/\/borderline-anxiete-tcc.fr\/wp-content\/uploads\/2024\/12\/VignetteNomACL.png","datePublished":"2024-12-07T11:26:09+00:00","dateModified":"2025-07-10T10:43:40+00:00","breadcrumb":{"@id":"https:\/\/borderline-anxiete-tcc.fr\/?p=199#breadcrumb"},"inLanguage":"fr-FR","potentialAction":[{"@type":"ReadAction","target":["https:\/\/borderline-anxiete-tcc.fr\/?p=199"]}]},{"@type":"ImageObject","inLanguage":"fr-FR","@id":"https:\/\/borderline-anxiete-tcc.fr\/?p=199#primaryimage","url":"https:\/\/borderline-anxiete-tcc.fr\/wp-content\/uploads\/2024\/12\/VignetteNomACL.png","contentUrl":"https:\/\/borderline-anxiete-tcc.fr\/wp-content\/uploads\/2024\/12\/VignetteNomACL.png","width":359,"height":331},{"@type":"BreadcrumbList","@id":"https:\/\/borderline-anxiete-tcc.fr\/?p=199#breadcrumb","itemListElement":[{"@type":"ListItem","position":1,"name":"Home","item":"https:\/\/borderline-anxiete-tcc.fr\/"},{"@type":"ListItem","position":2,"name":"Corps et trouble borderline"}]},{"@type":"WebSite","@id":"https:\/\/borderline-anxiete-tcc.fr\/#website","url":"https:\/\/borderline-anxiete-tcc.fr\/","name":"Borderline Anxiete TCC","description":"Vulgarisation de la recherche en psychologie clinique","publisher":{"@id":"https:\/\/borderline-anxiete-tcc.fr\/#organization"},"potentialAction":[{"@type":"SearchAction","target":{"@type":"EntryPoint","urlTemplate":"https:\/\/borderline-anxiete-tcc.fr\/?s={search_term_string}"},"query-input":{"@type":"PropertyValueSpecification","valueRequired":true,"valueName":"search_term_string"}}],"inLanguage":"fr-FR"},{"@type":"Organization","@id":"https:\/\/borderline-anxiete-tcc.fr\/#organization","name":"Borderline Anxiete TCC","url":"https:\/\/borderline-anxiete-tcc.fr\/","logo":{"@type":"ImageObject","inLanguage":"fr-FR","@id":"https:\/\/borderline-anxiete-tcc.fr\/#\/schema\/logo\/image\/","url":"https:\/\/borderline-anxiete-tcc.fr\/wp-content\/uploads\/2024\/11\/cropped-BATok.png","contentUrl":"https:\/\/borderline-anxiete-tcc.fr\/wp-content\/uploads\/2024\/11\/cropped-BATok.png","width":199,"height":191,"caption":"Borderline Anxiete TCC"},"image":{"@id":"https:\/\/borderline-anxiete-tcc.fr\/#\/schema\/logo\/image\/"}},{"@type":"Person","@id":"https:\/\/borderline-anxiete-tcc.fr\/#\/schema\/person\/f36b531433d06fc977dec42ab139b052","name":"Anne-Claire LAFAIT","image":{"@type":"ImageObject","inLanguage":"fr-FR","@id":"https:\/\/borderline-anxiete-tcc.fr\/#\/schema\/person\/image\/","url":"https:\/\/secure.gravatar.com\/avatar\/40f162f16eb3bebc69d36457edcd92547be9d4964e8cdf516c9893cdd5a08c1a?s=96&d=mm&r=g","contentUrl":"https:\/\/secure.gravatar.com\/avatar\/40f162f16eb3bebc69d36457edcd92547be9d4964e8cdf516c9893cdd5a08c1a?s=96&d=mm&r=g","caption":"Anne-Claire LAFAIT"},"sameAs":["https:\/\/borderline-anxiete-tcc.fr","@borderline.anxiete.tcc","https:\/\/www.instagram.com\/borderline.anxiete.tcc\/"],"url":"https:\/\/borderline-anxiete-tcc.fr\/?author=1"}]}},"_links":{"self":[{"href":"https:\/\/borderline-anxiete-tcc.fr\/index.php?rest_route=\/wp\/v2\/posts\/199","targetHints":{"allow":["GET"]}}],"collection":[{"href":"https:\/\/borderline-anxiete-tcc.fr\/index.php?rest_route=\/wp\/v2\/posts"}],"about":[{"href":"https:\/\/borderline-anxiete-tcc.fr\/index.php?rest_route=\/wp\/v2\/types\/post"}],"author":[{"embeddable":true,"href":"https:\/\/borderline-anxiete-tcc.fr\/index.php?rest_route=\/wp\/v2\/users\/1"}],"replies":[{"embeddable":true,"href":"https:\/\/borderline-anxiete-tcc.fr\/index.php?rest_route=%2Fwp%2Fv2%2Fcomments&post=199"}],"version-history":[{"count":10,"href":"https:\/\/borderline-anxiete-tcc.fr\/index.php?rest_route=\/wp\/v2\/posts\/199\/revisions"}],"predecessor-version":[{"id":253,"href":"https:\/\/borderline-anxiete-tcc.fr\/index.php?rest_route=\/wp\/v2\/posts\/199\/revisions\/253"}],"wp:attachment":[{"href":"https:\/\/borderline-anxiete-tcc.fr\/index.php?rest_route=%2Fwp%2Fv2%2Fmedia&parent=199"}],"wp:term":[{"taxonomy":"category","embeddable":true,"href":"https:\/\/borderline-anxiete-tcc.fr\/index.php?rest_route=%2Fwp%2Fv2%2Fcategories&post=199"},{"taxonomy":"post_tag","embeddable":true,"href":"https:\/\/borderline-anxiete-tcc.fr\/index.php?rest_route=%2Fwp%2Fv2%2Ftags&post=199"}],"curies":[{"name":"wp","href":"https:\/\/api.w.org\/{rel}","templated":true}]}}