{"id":257,"date":"2025-12-24T16:52:42","date_gmt":"2025-12-24T15:52:42","guid":{"rendered":"https:\/\/borderline-anxiete-tcc.fr\/?p=257"},"modified":"2025-12-24T17:18:17","modified_gmt":"2025-12-24T16:18:17","slug":"trouble-de-la-personnalite-borderline-et-pleine-conscience","status":"publish","type":"post","link":"https:\/\/borderline-anxiete-tcc.fr\/?p=257","title":{"rendered":"Pleine conscience &amp; Trouble borderline"},"content":{"rendered":"\n<p>Julie, une patiente avec un trouble borderline t\u00e9moigne de son exp\u00e9rience de la pratique de la pleine conscience apr\u00e8s 2 ans de th\u00e9rapie&nbsp;: <em>\u00ab\u00a0Quand je pratique la pleine conscience de mani\u00e8re r\u00e9guli\u00e8re, mes pens\u00e9es auto-critiques sont moins envahissantes et j\u2019ai moins d&rsquo;\u00e9nervement en fond. \u00c7a me fait du bien d&rsquo;en faire. Je suis contente de faire quelque chose pour prendre soin de moi. Avec la pratique r\u00e9guli\u00e8re \u00e7a devient sympa car c&rsquo;est plus facile de pratiquer et \u00e7a a plus d&rsquo;effet quand c&rsquo;est r\u00e9gulier.\u00a0\u00bb<\/em> Malgr\u00e9 cette conscience des effets b\u00e9n\u00e9fiques, la pratique r\u00e9guli\u00e8re des outils de pleine conscience (PC) reste difficile \u00e0 tenir, pour elle comme pour beaucoup de patients avec un trouble de la personnalit\u00e9 borderline (TPB). Afin de mieux appr\u00e9hender l\u2019int\u00e9r\u00eat de cette approche, notamment pour soutenir la motivation \u00e0 pratiquer, il nous semble int\u00e9ressant d\u2019avoir une id\u00e9e plus pr\u00e9cise des donn\u00e9es de la recherche. Le d\u00e9ficit de capacit\u00e9 de PC chez les personnes avec un TPB et les effets b\u00e9n\u00e9fiques des pratiques de PC pour ce trouble ont \u00e9t\u00e9 document\u00e9s par de nombreuses \u00e9tudes. Nous proposons dans cet article un aper\u00e7u des connaissances issues de la recherche \u00e0 ce sujet.<\/p>\n\n\n\n<h2 class=\"wp-block-heading\"><strong>Qu&rsquo;est ce que la pleine conscience ?<\/strong><\/h2>\n\n\n\n<p>La pleine conscience peut \u00eatre d\u00e9finie comme un \u00e9tat mental caract\u00e9ris\u00e9 par la conscience du moment pr\u00e9sent et l&rsquo;attention port\u00e9e de mani\u00e8re non-jugeante \u00e0 ses exp\u00e9riences personnelles : pens\u00e9es, \u00e9motions, sensations (Kabat-Zinn, 2014). La pleine conscience en tant qu&rsquo;approche th\u00e9rapeutique est bas\u00e9e sur le fait de changer notre rapport aux pens\u00e9es, \u00e9motions et sensations en commen\u00e7ant par les observer et les accepter, afin de sortir de nos fonctionnements automatiques probl\u00e9matiques et de lib\u00e9rer notre capacit\u00e9 \u00e0 choisir plus librement nos actions (agir en pleine conscience, engagement). Les pratiques de m\u00e9ditation de pleine conscience sont au coeur de plusieurs interventions psychoth\u00e9rapeutiques largement utilis\u00e9es en sant\u00e9 mentale et valid\u00e9es par la recherche empirique. C&rsquo;est le cas des programmes MBSR (Mindfulness based stress reduction, Kabat-Zinn, 2014), MBCT (Mindfulness based cognitive therapy, Segal et al., 2019) ainsi que la TCD (Th\u00e9rapie comportementale dialectique, Linehan &amp; Frances, 1993). &nbsp;&nbsp;&nbsp;&nbsp;&nbsp;&nbsp;&nbsp;&nbsp;&nbsp;&nbsp;&nbsp; La TCD a \u00e9t\u00e9 \u00e9labor\u00e9e par Marsha Linehan sp\u00e9cifiquement pour traiter le TPB avec l&rsquo;objectif de permettre au patient de construire \u00ab\u00a0une vie qui vaille la peine d&rsquo;\u00eatre v\u00e9cue\u00a0\u00bb (Linehan et Frances, 1993). De tr\u00e8s nombreuses \u00e9tudes empiriques ont valid\u00e9 l&rsquo;efficacit\u00e9 de cette approche pour le TPB (voir notamment Kliem et al., 2010 pour une m\u00e9ta-analyse). Le c\u0153ur de la TCD est un programme d&rsquo;acquisition de comp\u00e9tences organis\u00e9es dans une dialectique entre le changement (<em>R\u00e9gulation \u00e9motionnelle<\/em> et <em>Efficacit\u00e9 interpersonnelle<\/em>) et l&rsquo;acceptation (<em>Pleine conscience <\/em>et <em>Tol\u00e9rance \u00e0 la d\u00e9tresse<\/em>) (Linehan et Frances, 1993 ; Linehan &amp; Wilks, 2015). Les comp\u00e9tences de <em>Pleine conscience<\/em>, <em>Tol\u00e9rance \u00e0 la d\u00e9tresse<\/em> et <em>R\u00e9gulation \u00e9motionnelle<\/em> sont en grande partie bas\u00e9es sur les principes et les outils de la pleine conscience : observer en pleine conscience des \u00e9motions et des pens\u00e9es, non-jugement, apprendre \u00e0 distinguer les pens\u00e9es des faits, agir de mani\u00e8re consciente \u00e0 l&rsquo;oppos\u00e9 des comportements automatiques et des impulsions, acceptation radicale du moment pr\u00e9sent&#8230;<\/p>\n\n\n\n<p>La FFMQ (Five Facets Mindfulness Questionnaire, Baer et al., 2006 ; Heeren et al., 2011) est l&rsquo;une des \u00e9chelles d&rsquo;\u00e9valuation de la PC les plus couramment utilis\u00e9es. Elle met en \u00e9vidence les cinq grandes dimensions qui sous-tendent la PC : <strong>Observation<\/strong> (attention port\u00e9e aux exp\u00e9riences internes et externes, telles que les sensations, les pens\u00e9es, les \u00e9motions, la vue, les sons et les odeurs), <strong>Description de l&rsquo;exp\u00e9rience<\/strong> (identifier les exp\u00e9riences internes avec des mots), <strong>Action en pleine conscience<\/strong> (le fait de s&rsquo;occuper de ses activit\u00e9s pr\u00e9sentes, par opposition \u00e0 la notion de pilote automatique), <strong>Non-r\u00e9activit\u00e9 aux \u00e9v\u00e8nements priv\u00e9s<\/strong> (permettre aux pens\u00e9es et aux sentiments d&rsquo;aller et venir, sans se laisser entra\u00eener ou emporter par eux) et <strong>Non-jugement<\/strong> (la tendance \u00e0 adopter une attitude non jugeante \u00e0 l&rsquo;\u00e9gard des pens\u00e9es et des \u00e9motions).<\/p>\n\n\n\n<p>&nbsp;&nbsp;&nbsp;&nbsp;&nbsp;&nbsp;&nbsp;&nbsp;&nbsp;&nbsp;&nbsp; L&rsquo;auto-compassion (AC) est consid\u00e9r\u00e9e comme une composante de la PC. Dans la 3<sup>\u00e8me<\/sup> \u00e9dition de La th\u00e9rapie cognitive bas\u00e9e sur la pleine conscience, Segal, Williams et Teasdale (2019) ajoutent un chapitre consacr\u00e9 \u00e0 l&rsquo;auto-compassion en pr\u00e9cisant : \u00ab\u00a0Pour que l&rsquo;attention en pleine conscience provoque un changement (&#8230;) il faut que soient amen\u00e9es bont\u00e9 et compassion dans l&rsquo;exp\u00e9rience (&#8230;)\u00a0\u00bb.<\/p>\n\n\n\n<p>&nbsp;&nbsp;&nbsp;&nbsp;&nbsp;&nbsp;&nbsp;&nbsp;&nbsp;&nbsp;&nbsp; De son c\u00f4t\u00e9, Kristin Neff (2003) d\u00e9finit l&rsquo;auto-compassion avec trois composantes : la capacit\u00e9 \u00e0 voir clairement notre propre souffrance (pleine conscience), apporter une r\u00e9ponse bienveillante \u00e0 notre souffrance (bienveillance) et reconna\u00eetre que la souffrance fait partie de la condition humaine commune (commune humanit\u00e9). Gerber et Neff (2020) estiment que \u00ab\u00a0nous ne pouvons \u00eatre pleinement compatissants sans la pleine conscience et inversement, nous avons besoin de compassion pour \u00eatre pleinement conscients.\u00a0\u00bb Pour eux, l&rsquo;AC serait une sorte de PC consacr\u00e9e sp\u00e9cifiquement aux pens\u00e9es et \u00e9motions difficiles (\u00ab\u00a0on n&rsquo;utilise pas l&rsquo;auto-compassion pour manger un raisin sec\u00a0\u00bb). Ils estiment que face \u00e0 des \u00e9motions tr\u00e8s intenses comme la honte et le d\u00e9go\u00fbt de soi ainsi que les profondes blessures relationnelles (des \u00e9motions tr\u00e8s pr\u00e9sentes chez les personnes borderlines), il est difficile de rester pr\u00e9sent \u00e0 l&rsquo;exp\u00e9rience uniquement avec la PC. Selon eux, la honte (plus que l&rsquo;anxi\u00e9t\u00e9 ou la d\u00e9pression), nous fait dissocier de notre corps et impacte profond\u00e9ment notre \u00ab\u00a0moi observateur\u00a0\u00bb, il est alors n\u00e9cessaire de reconstituer ce \u00ab\u00a0moi observateur\u00a0\u00bb avec l&rsquo;auto-compassion.<\/p>\n\n\n\n<h2 class=\"wp-block-heading\"><strong>D\u00e9ficit de pleine conscience chez les patients porteurs d\u2019un trouble borderline<\/strong><\/h2>\n\n\n\n<p>Diff\u00e9rentes \u00e9tudes montrent un d\u00e9ficit de pleine conscience (PC) chez les patients borderline comparativement \u00e0 des individus contr\u00f4les sans trouble psychopathologique.<\/p>\n\n\n\n<p>&nbsp;&nbsp;&nbsp;&nbsp;&nbsp;&nbsp;&nbsp;&nbsp;&nbsp;&nbsp;&nbsp; Lors d&rsquo;une t\u00e2che exp\u00e9rimentale de PC les patients borderline pr\u00e9sentaient moins de moment de pleine conscience et des moments de manque d&rsquo;attention plus longs mais ils se rendent compte de leur vagabondage attentionnel avec la m\u00eame acuit\u00e9 que les individus contr\u00f4les sains. Leurs difficult\u00e9s de PC en t\u00e2che exp\u00e9rimentale sont corr\u00e9l\u00e9es avec celles auto-rapport\u00e9es dans leur vie quotidienne (Scheibner et al., 2016). Keng et Tan (2018) montrent que la faible capacit\u00e9 de PC en ligne de base chez les patients borderline pr\u00e9dit plus de r\u00e9activit\u00e9 \u00e9motionnelle et d&rsquo;agressivit\u00e9 apr\u00e8s un rejet (une caract\u00e9ristique importante du TPB). Salg\u00f3 et al. (2021) confirment que les patients borderline pr\u00e9sentent des d\u00e9ficits plus importants au niveau des capacit\u00e9s de pleine conscience mais \u00e9galement d&rsquo;auto-compassion et de r\u00e9gulation \u00e9motionnelle adaptative.<\/p>\n\n\n\n<p>&nbsp;&nbsp;&nbsp;&nbsp;&nbsp;&nbsp;&nbsp;&nbsp;&nbsp;&nbsp;&nbsp; Chez les patients borderline, les capacit\u00e9s d&rsquo;auto-compassion jouent un r\u00f4le m\u00e9diateur dans les liens n\u00e9gatifs entre les capacit\u00e9s de pleine conscience et la symptomatologie borderline et entre la pleine conscience et la dysr\u00e9gulation \u00e9motionnelle. L&rsquo;auto-compassion serait donc un m\u00e9canisme important de l&rsquo;effet de la pleine conscience sur la symptomatologie et le trouble borderline (Scheibner, et al. 2018).<\/p>\n\n\n\n<h2 class=\"wp-block-heading\"><strong>Apports de la pleine conscience pour les personnes porteuses d\u2019un trouble borderline<\/strong><\/h2>\n\n\n\n<p>Comme nous l&rsquo;avons expos\u00e9 ci-dessus, les pratiques de PC sont centrales en Th\u00e9rapie Comportementale Dialectique (TCD), une approche psychoth\u00e9rapeutique de r\u00e9f\u00e9rence pour le TPB. De nombreuses \u00e9tudes apportent des preuves empiriques de l&rsquo;effet b\u00e9n\u00e9fique des outils de PC sur les caract\u00e9ristiques borderline, notamment la PC telle qu&rsquo;elle est enseign\u00e9e dans les modules d&rsquo;entra\u00eenement aux comp\u00e9tences TCD.<\/p>\n\n\n\n<p>&nbsp;&nbsp;&nbsp;&nbsp;&nbsp;&nbsp;&nbsp;&nbsp;&nbsp;&nbsp;&nbsp; Eeles et Walker (2022) ont r\u00e9alis\u00e9 une revue de la litt\u00e9rature (scoping review) \u00e0 partir de 11 \u00e9tudes empiriques (publi\u00e9es entre 2012 et 2020) consacr\u00e9es \u00e0 l&rsquo;effet de l&rsquo;enseignement de la PC, dans le cadre de la TCD chez des patients borderline. Il en ressort que la PC dans le cadre de la TCD accroit la pleine conscience auto-rapport\u00e9e et tout particuli\u00e8rement les capacit\u00e9s de <em>Non-jugement<\/em> et \u00e9galement d&rsquo;<em>Attention<\/em>. L&rsquo;augmentation de ces capacit\u00e9s de pleine conscience a un effet positif sur la symptomatologie borderline. L&rsquo;une des \u00e9tudes analys\u00e9es dans cette scoping review (Zeifman et al., 2020) compare les effets d&rsquo;un groupe d&rsquo;entra\u00eenement aux comp\u00e9tences TCD (par rapport \u00e0 un groupe contr\u00f4le sur liste d&rsquo;attente) sur diff\u00e9rents indices psychopathologiques (symptomatologie borderline, sympt\u00f4mes psychiatriques g\u00e9n\u00e9raux et adaptation sociale). Les r\u00e9sultats sugg\u00e8rent que la TCD exerce ses effets par le biais de l&rsquo;am\u00e9lioration de la PC et de la tol\u00e9rance \u00e0 la d\u00e9tresse (qui utilise des comp\u00e9tences de PC). Cela confirme l&rsquo;importance de la pleine conscience dans la TCD pour le TPB.<\/p>\n\n\n\n<p>&nbsp;&nbsp;&nbsp;&nbsp;&nbsp;&nbsp;&nbsp;&nbsp;&nbsp;&nbsp;&nbsp; D&rsquo;autres \u00e9tudes vont dans ce sens. O&rsquo;Toole et al. (2012) montrent que les capacit\u00e9s de PC chez des femmes borderline suivant un cycle de TCD sont le principal pr\u00e9dicteur du bien-\u00eatre (devant le support social, la sant\u00e9 physique g\u00e9n\u00e9rale et le fonctionnement physique) : les femmes qui ont des capacit\u00e9s \u00e9lev\u00e9es de pleine conscience font part d&rsquo;un meilleur bien-\u00eatre \u00e9motionnel. Quand elles introduisent de la pleine conscience dans leur vie quotidienne, elles d\u00e9veloppent une capacit\u00e9 \u00e0 r\u00e9guler leurs \u00e9motions. Cela augmente leur bien-\u00eatre \u00e9motionnel et diminue leur usage des services de soin. Cette tendance est \u00e9galement observ\u00e9e avec l&rsquo;intervention MBSR en \u00e9valuant les indices physiologiques de la r\u00e9ponse \u00e9motionnelle avant et apr\u00e8s le cycle (Yeh &amp; Lin, 2022). L&rsquo;\u00e9tude confirme certaines caract\u00e9ristiques du TPB en ligne de base : compar\u00e9es \u00e0 des individus contr\u00f4le sains, les personnes pr\u00e9sentant des caract\u00e9ristiques borderline \u00e9prouvent plus de difficult\u00e9s \u00e0 se remettre de la col\u00e8re, de la tristesse et des \u00e9motions de peur, en particulier au niveau du fonctionnement du syst\u00e8me nerveux parasympathique. Apr\u00e8s l&rsquo;intervention MBSR, la r\u00e9gulation des \u00e9motions, les capacit\u00e9s de pleine conscience et la d\u00e9pression chez les participants borderline se sont am\u00e9lior\u00e9es de mani\u00e8re significative.<\/p>\n\n\n\n<p>&nbsp;&nbsp;&nbsp;&nbsp;&nbsp;&nbsp;&nbsp;&nbsp;&nbsp;&nbsp;&nbsp; Certaines \u00e9tudes pr\u00e9cisent les conditions d&rsquo;effet de la TCD et de la PC chez les patients borderline. La r\u00e9gularit\u00e9 de la pratique de PC am\u00e9liore la r\u00e9gulation \u00e9motionnelle. Un effet est observ\u00e9 \u00e0 partir d&rsquo;un minimum de pratique de 3-4 fois par semaine (30 minutes minimum en tout). Une pratique plus r\u00e9guli\u00e8re (5 \u00e0 7 jours par semaine) augmente ces effets b\u00e9n\u00e9fiques (Schmidt et al., 2024). Les diff\u00e9rents modules de la TCD n&rsquo;ont pas tous les m\u00eames effets. Carmona I Farr\u00e9s et al. (2019) ont compar\u00e9 les effets des modules de PC et celui d&rsquo;Efficacit\u00e9 interpersonnelle. Les deux modules am\u00e9liorent la symptomatologie borderline et la r\u00e9gulation \u00e9motionnelle. Mais seul le module de PC am\u00e9liore l&rsquo;impulsivit\u00e9, la capacit\u00e9 \u00e0 se d\u00e9centrer et les capacit\u00e9s de non-r\u00e9activit\u00e9 et de non-jugement.<\/p>\n\n\n\n<p>&nbsp;&nbsp;&nbsp;&nbsp;&nbsp;&nbsp;&nbsp;&nbsp;&nbsp;&nbsp;&nbsp; L&rsquo;am\u00e9lioration de certaines facettes de la PC aurait \u00e9galement davantage d&rsquo;effet que d&rsquo;autres. Mitchell et al. (2019) trouvent qu&rsquo;au cours d&rsquo;une prise en charge en TCD, l&rsquo;am\u00e9lioration de facettes <em>Action en pleine conscience<\/em> et <em>Non-jugement<\/em> est davantage li\u00e9es \u00e0 une r\u00e9duction de la symptomatologie borderline. <em>Action en pleine conscience<\/em> fait r\u00e9f\u00e9rence \u00e0 la tendance \u00e0 pr\u00eater attention aux activit\u00e9s pr\u00e9sentes et \u00e0 \u00e9viter les actions automatiques. La facette <em>Non-jugement<\/em> mesure la capacit\u00e9 d&rsquo;un individu \u00e0 accepter les exp\u00e9riences internes et \u00e0 renoncer aux \u00e9valuations n\u00e9gatives ou \u00e0 l&rsquo;autocritique. Perroud et al. (2012) quant \u00e0 eux trouvent que seule la dimension <em>Accepter sans juger<\/em> augmente significativement au cours de la prise en charge TCD et que c&rsquo;est l&rsquo;augmentation de cette dimension qui est corr\u00e9l\u00e9e avec l&rsquo;am\u00e9lioration de la symptomatologie borderline.<\/p>\n\n\n\n<p>&nbsp;&nbsp;&nbsp;&nbsp;&nbsp;&nbsp;&nbsp;&nbsp;&nbsp;&nbsp;&nbsp; Comme nous l&rsquo;avons vu, la dimension Non-jugement se rapproche de la notion d&rsquo;auto-compassion. La notion d&rsquo;auto-compassion et les pratiques th\u00e9rapeutiques associ\u00e9es m\u00e9riteraient d&rsquo;\u00eatre clairement d\u00e9finie car elle est parfois confondue avec d&rsquo;autres pratique comme la m\u00e9ditation \u00ab\u00a0<em>Loving kindness<\/em>\u00a0\u00bb (gratitude) notamment. Deux \u00e9tudes de Keng et ses collaborateurs comparent les effets des pratiques de PC et de \u00ab\u00a0<em>Loving kindness<\/em>\u00ab\u00a0. Les auteurs montrent que pour r\u00e9guler le sentiment de honte, la pratique de PC est plus efficace que celle de <em>Loving kindness<\/em> (Keng, 2017)<em>.<\/em> Dans une deuxi\u00e8me \u00e9tude (Keng &amp; Tan, 2018), ils montrent qu&rsquo;un groupe de PC (compar\u00e9 \u00e0 un groupe Loving kindness) obtient une diminution plus rapide des \u00e9motions n\u00e9gatives et du sentiment de rejet apr\u00e8s un rejet social.<\/p>\n\n\n\n<h2 class=\"wp-block-heading\">Pleine conscience et trouble borderline : les informations essentielles<\/h2>\n\n\n\n<ul class=\"wp-block-list\">\n<li>Les faibles capacit\u00e9s de PC apparaissent comme une caract\u00e9ristique importante du TPB. Le manque d&rsquo;auto-compassion et de capacit\u00e9 de non-jugement joue un r\u00f4le majeur dans les faibles capacit\u00e9s de PC chez les patients TPB.<\/li>\n\n\n\n<li>La pratique de la PC chez des patients borderline diminue la symptomatologie borderline et l&rsquo;usage des services de soin et augmente le bien-\u00eatre.<\/li>\n\n\n\n<li>Seule une pratique suffisamment r\u00e9guli\u00e8re a une efficacit\u00e9, la r\u00e9gularit\u00e9 (minimum 3 \u00e0 4 fois par semaine, avec un effet plus marqu\u00e9 quand on augmente la fr\u00e9quence) est plus importante que la dur\u00e9e.<\/li>\n\n\n\n<li>L\u2019am\u00e9lioration apport\u00e9e par la pratique de la PC est li\u00e9e principalement \u00e0 l&rsquo;augmentation des capacit\u00e9s de bienveillance envers soi-m\u00eame (non-jugement, accepter sans juger). Mais la pratique de Loving Kindness (gratitude), m\u00eame si elle peut ressembler \u00e0 de l&rsquo;auto-compassion, n&rsquo;apporte pas les effets b\u00e9n\u00e9fiques de la PC.<\/li>\n<\/ul>\n\n\n\n<h2 class=\"wp-block-heading\"><strong>Pratiquer la pleine conscience avec un trouble borderline&nbsp;: quelques recommandations<\/strong><\/h2>\n\n\n\n<p>(\u00e0 partir des connaissances issues de la litt\u00e9rature scientifiques et de ma pratique de la pleine conscience avec des personnes porteuses d\u2019un trouble borderline)<\/p>\n\n\n\n<ul class=\"wp-block-list\">\n<li>Afin d\u2019introduire la PC il est souvent n\u00e9cessaire, pour commencer, de r\u00e9ussir \u00e0 trouver une pratique plus accessible que les m\u00e9ditations assises traditionnelles proposant d\u2019observer la respiration et les sensations corporelles comme point de d\u00e9part. Suivant les personnes nous allons commencer par&nbsp;: des m\u00e9ditations en mouvement (marche en pleine conscience, mouvements en PC), des automassages en PC, des pratiques dites \u00ab\u00a0informelles\u00a0\u00bb comme boire ou manger une petite chose (un caf\u00e9, un carr\u00e9 de chocolat, une cl\u00e9mentine&#8230;) en PC ou encore faire une activit\u00e9 du quotidien en PC (se brosser les dents, faire la vaisselle, marcher dans la rue&#8230;). Chez certain.e.s, l\u2019aversion \u00e0 se connecter \u00e0 soi-m\u00eame est telle qu\u2019elle s\u2019apparente \u00e0 un \u00e9vitement quasi-phobique. Il est alors n\u00e9cessaire de commencer la pratique de la PC comme une exposition aux sensations et \u00e9motions (comme on le ferait dans une phobie).<\/li>\n\n\n\n<li>Trois pratiques nous semblent essentielles dans la pratique de la PC avec les personnes ayant un trouble borderline&nbsp;:<ul><li>L\u2019utilisation de l\u2019<strong>accueil<\/strong> \/ l\u2019<strong>acceptation radicale<\/strong> (Marsha Linehan) des \u00e9motions en moment de crise, qu\u2019il est souvent int\u00e9ressant d\u2019avoir pu pratiquer plusieurs fois en s\u00e9ance avant de proposer une pratique autonome \u00e0 domicile.<\/li><\/ul><ul><li>L\u2019<strong>auto-compassion <\/strong>que je con\u00e7ois comme un prolongement de l\u2019acceptation\/accueil des \u00e9motions, avec un accent plus marqu\u00e9 sur la bienveillance, la douceur envers soi-m\u00eame, n\u00e9cessaire pour pouvoir accueillir les \u00e9motions les plus violentes (douleur relationnelle, honte).<\/li><\/ul>\n<ul class=\"wp-block-list\">\n<li>L\u2019<strong>observation des pens\u00e9es<\/strong>, qui permet d\u2019aider \u00e0 d\u00e9fusionner des pens\u00e9es automatiques, notamment les ruminations et l\u2019autod\u00e9nigrement.<\/li>\n<\/ul>\n<\/li>\n\n\n\n<li>L\u2019observation des pens\u00e9es est particuli\u00e8rement importante \u00e0 d\u00e9velopper face aux auto-injonctions et auto-critiques qui peuvent survenir durant la pratique&nbsp;: \u00ab\u00a0Il faut que je pratique tous les jours\u00a0\u00bb, \u00ab\u00a0Je ne vais pas y arriver\u00a0\u00bb, \u00ab\u00a0J&rsquo;ai encore l\u00e2ch\u00e9, je suis nulle\u00a0\u00bb, \u00ab\u00a0Je pense sans arr\u00eat \u00e0 autre chose\u00a0\u00bb&#8230; Autant de pens\u00e9es automatiques qui bloquent la pratique r\u00e9guli\u00e8re. Les observer de mani\u00e8re bienveillante permet de rester dans l&rsquo;acceptation des difficult\u00e9s \u00e0 pratiquer. Je rappelle r\u00e9guli\u00e8rement \u00e0 mes patient.e.s que cette difficult\u00e9 est pr\u00e9sente pour tout le monde, \u00ab\u00a0m\u00eame pour moi qui pratique depuis des ann\u00e9es\u00a0\u00bb ce qui renvoie \u00e0 la dimension de commune humanit\u00e9 de l&rsquo;auto-compassion.<\/li>\n\n\n\n<li>Face \u00e0 la diversit\u00e9 des m\u00e9ditations disponibles en ligne et sur diff\u00e9rentes applications sp\u00e9cialis\u00e9es, il nous semble important de repr\u00e9ciser la nature de la PC&nbsp;: \u00ab\u00a0<em>observer de mani\u00e8re non-jugeante l\u2019exp\u00e9rience du moment pr\u00e9sent<\/em>\u00ab\u00a0. Les m\u00e9ditations proposant des visualisations, des intentions de ressentir telle ou telle \u00e9motions (gratitude, pardon&#8230;), des mantras&#8230; ont certainement d\u2019autres int\u00e9r\u00eats, mais il ne s\u2019agit pas de pratiques de PC. Les \u00e9tudes attestant de l\u2019effet de la PC sur diff\u00e9rents probl\u00e8mes (dont ceux associ\u00e9s au TPB) ne concernent donc pas ces pratiques. Sans toutefois les supprimer, il me semble important d\u2019y adjoindre une pratique de PC \u00ab\u00a0v\u00e9ritable\u00a0\u00bb.<\/li>\n\n\n\n<li>La question de la r\u00e9gularit\u00e9 est un enjeu essentiel puisque c\u2019est ce qui conditionne l\u2019efficacit\u00e9 de la PC. Diff\u00e9rents outils peuvent \u00eatre utilis\u00e9s pour soutenir cette r\u00e9gularit\u00e9&nbsp;: alarme de rappel, envoi d\u2019un message apr\u00e8s la pratique, tableau \u00e0 remplir, ritualisation du moment de pratique dans la journ\u00e9e en la couplant \u00e0 une autre activit\u00e9 de routine d\u00e9j\u00e0 ritualis\u00e9e (sport, soin du corps&#8230;), avoir un panel de m\u00e9ditations \u00e0 disposition et pratiquer celle qui fait envie sur le moment&#8230;<\/li>\n<\/ul>\n\n\n\n<figure class=\"wp-block-gallery has-nested-images columns-default is-cropped wp-block-gallery-1 is-layout-flex wp-block-gallery-is-layout-flex\">\n<figure class=\"wp-block-image size-large is-resized\"><a href=\"https:\/\/borderline-anxiete-tcc.fr\/?page_id=19\" target=\"_blank\" rel=\" noreferrer noopener\"><img loading=\"lazy\" decoding=\"async\" width=\"359\" height=\"331\" data-id=\"245\" src=\"https:\/\/borderline-anxiete-tcc.fr\/wp-content\/uploads\/2024\/11\/VignetteNomACL.png\" alt=\"\" class=\"wp-image-245\" style=\"width:155px;height:auto\" srcset=\"https:\/\/borderline-anxiete-tcc.fr\/wp-content\/uploads\/2024\/11\/VignetteNomACL.png 359w, https:\/\/borderline-anxiete-tcc.fr\/wp-content\/uploads\/2024\/11\/VignetteNomACL-300x277.png 300w\" sizes=\"auto, (max-width: 359px) 100vw, 359px\" \/><\/a><\/figure>\n<\/figure>\n\n\n\n<figure class=\"wp-block-image size-large is-resized\"><a href=\"https:\/\/www.instagram.com\/borderline.anxiete.tcc\/\" target=\"_blank\" rel=\" noreferrer noopener\"><img loading=\"lazy\" decoding=\"async\" width=\"1024\" height=\"1024\" src=\"https:\/\/borderline-anxiete-tcc.fr\/wp-content\/uploads\/2024\/11\/Logo-Instagram-1024x1024.jpg\" alt=\"\" class=\"wp-image-178\" style=\"width:53px;height:auto\" srcset=\"https:\/\/borderline-anxiete-tcc.fr\/wp-content\/uploads\/2024\/11\/Logo-Instagram-1024x1024.jpg 1024w, https:\/\/borderline-anxiete-tcc.fr\/wp-content\/uploads\/2024\/11\/Logo-Instagram-300x300.jpg 300w, https:\/\/borderline-anxiete-tcc.fr\/wp-content\/uploads\/2024\/11\/Logo-Instagram-150x150.jpg 150w, https:\/\/borderline-anxiete-tcc.fr\/wp-content\/uploads\/2024\/11\/Logo-Instagram-768x768.jpg 768w, https:\/\/borderline-anxiete-tcc.fr\/wp-content\/uploads\/2024\/11\/Logo-Instagram.jpg 1200w\" sizes=\"auto, (max-width: 1024px) 100vw, 1024px\" \/><\/a><\/figure>\n\n\n\n<div class=\"wp-block-media-text is-stacked-on-mobile\"><figure class=\"wp-block-media-text__media\"><img loading=\"lazy\" decoding=\"async\" width=\"1024\" height=\"580\" src=\"https:\/\/borderline-anxiete-tcc.fr\/wp-content\/uploads\/2025\/12\/FleurMer-Paysage-1024x580.jpg\" alt=\"\" class=\"wp-image-260 size-full\" srcset=\"https:\/\/borderline-anxiete-tcc.fr\/wp-content\/uploads\/2025\/12\/FleurMer-Paysage-1024x580.jpg 1024w, https:\/\/borderline-anxiete-tcc.fr\/wp-content\/uploads\/2025\/12\/FleurMer-Paysage-300x170.jpg 300w, https:\/\/borderline-anxiete-tcc.fr\/wp-content\/uploads\/2025\/12\/FleurMer-Paysage-768x435.jpg 768w, https:\/\/borderline-anxiete-tcc.fr\/wp-content\/uploads\/2025\/12\/FleurMer-Paysage.jpg 1526w\" sizes=\"auto, (max-width: 1024px) 100vw, 1024px\" \/><\/figure><div class=\"wp-block-media-text__content\">\n<p><strong>Groupe de pleine conscience (MBCT)<\/strong>, Paris Est, prochain cycle (15 janvier-19 mars 2026) : <a href=\"https:\/\/psyparisanneclairelafait.fr\/groupe-mbct\/\" target=\"_blank\" rel=\"noreferrer noopener\">info ici<\/a><\/p>\n<\/div><\/div>\n\n\n\n<h2 class=\"wp-block-heading\"><strong>Pleine conscience et trouble borderline&nbsp;: r\u00e9f\u00e9rences scientifiques<\/strong><\/h2>\n\n\n\n<p>Ansell, E. B., Sanislow, C. A., McGlashan, T. H., &amp; Grilo, C. M. (2007). Psychosocial impairment and treatment utilization by patients with<\/p>\n\n\n\n<p>Baer, R. A., Smith, G. T., Hopkins, J., Krietemeyer, J., &amp; Toney, L. (2006). Using Self-Report Assessment Methods to Explore Facets of Mindfulness. <em>Assessment<\/em>, <em>13<\/em>(1), 27\u201145. https:\/\/doi.org\/10.1177\/1073191105283504<\/p>\n\n\n\n<p>Carmona I Farr\u00e9s, C., Elices, M., Soler, J., Dom\u00ednguez\u2010Clav\u00e9, E., Mart\u00edn\u2010Blanco, A., Pomarol\u2010Clotet, E., Salvador, R., Martinez\u2010Horta, S., &amp; Pascual, J. C. (2019). Effects of mindfulness training on the default mode network in borderline personality disorder. <em>Clinical Psychology &amp; Psychotherapy<\/em>, <em>26<\/em>(5), 562\u2011571. https:\/\/doi.org\/10.1002\/cpp.2382<\/p>\n\n\n\n<p>Eeles, J., &amp; Walker, D. (2022). Mindfulness as taught in Dialectical Behaviour Therapy\u202f: A scoping review. <em>Clinical Psychology &amp; Psychotherapy<\/em>, <em>29<\/em>(6), 1843\u20111853. https:\/\/doi.org\/10.1002\/cpp.2764<\/p>\n\n\n\n<p>Germer, C. K., &amp; Neff, K. (2020). <em>Programme d\u2019autocompassion en pleine conscience\u202f: Un guide pour professionnels<\/em>. De Boeck sup\u00e9rieur.<\/p>\n\n\n\n<p>Heeren, A., Lannoy, S., Coussement, C., Hoebeke, Y., Verschuren, A., Blanchard, M. A., Chakroun-Baggioni, N., Philippot, P., &amp; Gierski, F. (2021). A network approach to the five-facet model of mindfulness. <em>Scientific Reports<\/em>, <em>11<\/em>(1), 15094. https:\/\/doi.org\/10.1038\/s41598-021-94151-2<\/p>\n\n\n\n<p>Kabat-Zinn, J. (2014). <em>Au coeur de la tourmente, la pleine conscience\u202f: MBSR, la r\u00e9duction du stress bas\u00e9e sur la mindfulness\u202f: programme complet en 8 semaines<\/em> (2e ed.). De Boeck.<\/p>\n\n\n\n<p>Keng, S.-L. (2017). Effects of brief mindful breathing and loving-kindness meditation on shame and social problem solving abilities among individuals with high borderline personality traits. <em>Behaviour Research and Therapy<\/em>, 9.<\/p>\n\n\n\n<p>Keng, S.-L., &amp; Tan, H. H. (2018). Effects of brief mindfulness and loving-kindness meditation inductions on emotional and behavioral responses to social rejection among individuals with high borderline personality traits. <em>Behaviour Research and Therapy<\/em>, <em>100<\/em>, 44\u201153. https:\/\/doi.org\/10.1016\/j.brat.2017.11.005<\/p>\n\n\n\n<p>Kliem, S., Kr\u00f6ger, C., &amp; Kosfelder, J. (2010). Dialectical Behavior Therapy for Borderline Personality Disorder\u202f: A Meta-Analysis Using Mixed-Effects Modeling. <em>DIALECTICAL BEHAVIOR THERAPY<\/em>.<\/p>\n\n\n\n<p>Linehan, M. M., &amp; Frances, A. (1993). <em>Cognitive-behavioral treatment of borderline personality disorder<\/em>. Guilford press.<\/p>\n\n\n\n<p>Linehan, M. M., &amp; Wilks, C. R. (2015). The Course and Evolution of Dialectical Behavior Therapy. <em>American Journal of Psychotherapy<\/em>, <em>69<\/em>(2), 97\u2011110. https:\/\/doi.org\/10.1176\/appi.psychotherapy.2015.69.2.97<\/p>\n\n\n\n<p>Mitchell, R., Roberts, R., Bartsch, D., &amp; Sullivan, T. (2019). Changes in mindfulness facets in a dialectical behaviour therapy skills training group program for borderline personality disorder. <em>Journal of Clinical Psychology<\/em>, <em>75<\/em>(6), 958\u2011969. https:\/\/doi.org\/10.1002\/jclp.22744<\/p>\n\n\n\n<p>Neff, K. D. (2003). The Development and Validation of a Scale to Measure Self-Compassion. <em>Self and Identity<\/em>, <em>2<\/em>(3), 223\u2011250. https:\/\/doi.org\/10.1080\/15298860309027<\/p>\n\n\n\n<p>O\u2019Toole, S. K., Diddy, E., &amp; Kent, M. (2012). Mindfulness and Emotional Well-being in Women with Borderline Personality Disorder. <em>Mindfulness<\/em>, <em>3<\/em>(2), 117\u2011123. https:\/\/doi.org\/10.1007\/s12671-011-0085-y<\/p>\n\n\n\n<p>Perroud, N., Nicastro, R., Jermann, F., &amp; Huguelet, P. (2012). Mindfulness skills in borderline personality disorder patients during dialectical behavior therapy\u202f: Preliminary results. <em>International Journal of Psychiatry in Clinical Practice<\/em>, <em>16<\/em>(3), 189\u2011196. https:\/\/doi.org\/10.3109\/13651501.2012.674531<\/p>\n\n\n\n<p>Salg\u00f3, E., Szeghalmi, L., Bajz\u00e1t, B., Ber\u00e1n, E., &amp; Unoka, Z. (2021). Emotion regulation, mindfulness, and self-compassion among patients with borderline personality disorder, compared to healthy control subjects. <em>PLOS ONE<\/em>, <em>16<\/em>(3), e0248409. https:\/\/doi.org\/10.1371\/journal.pone.0248409<\/p>\n\n\n\n<p>Scheibner, H. J., Daniels, A., Guendelman, S., Utz, F., &amp; Bermpohl, F. (2018). Self-Compassion Mediates the Relationship Between Mindfulness and Borderline Personality Disorder Symptoms. <em>Journal of Personality Disorders<\/em>, <em>32<\/em>(6), 838\u2011856. https:\/\/doi.org\/10.1521\/pedi_2017_31_331<\/p>\n\n\n\n<p>Scheibner, H. J., Spengler, S., Kanske, P., Roepke, S., &amp; Bermpohl, F. (2016). Behavioral Assessment of Mindfulness Difficulties in Borderline Personality Disorder. <em>Mindfulness<\/em>, <em>7<\/em>(6), 1316\u20111326. https:\/\/doi.org\/10.1007\/s12671-016-0572-2<\/p>\n\n\n\n<p>Schmidt, C., Soler, J., Vega, D., &amp; Pascual, J. C. (2024). Practice matters\u202f: The role of mindfulness skills in emotion dysregulation in borderline personality disorder. <em>Journal of Contextual Behavioral Science<\/em>, <em>32<\/em>, 100756. https:\/\/doi.org\/10.1016\/j.jcbs.2024.100756<\/p>\n\n\n\n<p>Segal, Z. V., Mark G. Williams, &amp; Teasdale, J. D. (2019). <em>La th\u00e9rapie cognitive bas\u00e9e sur la pleine conscience pour la d\u00e9pression\u202f: Pr\u00e9venir la rechute<\/em> ([3e ed.]). De Boeck sup\u00e9rieur.<\/p>\n\n\n\n<p>Yeh, Z.-T., &amp; Lin, C.-L. (2022). Mindfulness-Based Stress Reduction Intervention and Emotional Recovery in Borderline Personality Features\u202f: Evidence from Psychophysiological Assessment. <em>Mindfulness<\/em>, <em>13<\/em>(4), 881\u2011896. https:\/\/doi.org\/10.1007\/s12671-022-01829-3<\/p>\n\n\n\n<p>Zeifman, R. J., Boritz, T., Barnhart, R., Labrish, C., &amp; McMain, S. F. (2020). The independent roles of mindfulness and distress tolerance in treatment outcomes in dialectical behavior therapy skills training. <em>Personality Disorders: Theory, Research, and Treatment<\/em>, <em>11<\/em>(3), 181\u2011190. https:\/\/doi.org\/10.1037\/per0000368<\/p>\n\n\n\n<p><\/p>\n","protected":false},"excerpt":{"rendered":"<p>Julie, une patiente avec un trouble borderline t\u00e9moigne de son exp\u00e9rience de la pratique de la pleine conscience apr\u00e8s 2 [&hellip;]<\/p>\n","protected":false},"author":1,"featured_media":0,"comment_status":"closed","ping_status":"closed","sticky":false,"template":"","format":"standard","meta":{"_monsterinsights_skip_tracking":false,"_monsterinsights_sitenote_active":false,"_monsterinsights_sitenote_note":"","_monsterinsights_sitenote_category":0,"site-sidebar-layout":"default","site-content-layout":"","ast-site-content-layout":"","site-content-style":"default","site-sidebar-style":"default","ast-global-header-display":"","ast-banner-title-visibility":"","ast-main-header-display":"","ast-hfb-above-header-display":"","ast-hfb-below-header-display":"","ast-hfb-mobile-header-display":"","site-post-title":"","ast-breadcrumbs-content":"","ast-featured-img":"","footer-sml-layout":"","theme-transparent-header-meta":"","adv-header-id-meta":"","stick-header-meta":"","header-above-stick-meta":"","header-main-stick-meta":"","header-below-stick-meta":"","astra-migrate-meta-layouts":"default","ast-page-background-enabled":"default","ast-page-background-meta":{"desktop":{"background-color":"var(--ast-global-color-4)","background-image":"","background-repeat":"repeat","background-position":"center center","background-size":"auto","background-attachment":"scroll","background-type":"","background-media":"","overlay-type":"","overlay-color":"","overlay-opacity":"","overlay-gradient":""},"tablet":{"background-color":"","background-image":"","background-repeat":"repeat","background-position":"center center","background-size":"auto","background-attachment":"scroll","background-type":"","background-media":"","overlay-type":"","overlay-color":"","overlay-opacity":"","overlay-gradient":""},"mobile":{"background-color":"","background-image":"","background-repeat":"repeat","background-position":"center center","background-size":"auto","background-attachment":"scroll","background-type":"","background-media":"","overlay-type":"","overlay-color":"","overlay-opacity":"","overlay-gradient":""}},"ast-content-background-meta":{"desktop":{"background-color":"var(--ast-global-color-5)","background-image":"","background-repeat":"repeat","background-position":"center center","background-size":"auto","background-attachment":"scroll","background-type":"","background-media":"","overlay-type":"","overlay-color":"","overlay-opacity":"","overlay-gradient":""},"tablet":{"background-color":"var(--ast-global-color-5)","background-image":"","background-repeat":"repeat","background-position":"center center","background-size":"auto","background-attachment":"scroll","background-type":"","background-media":"","overlay-type":"","overlay-color":"","overlay-opacity":"","overlay-gradient":""},"mobile":{"background-color":"var(--ast-global-color-5)","background-image":"","background-repeat":"repeat","background-position":"center center","background-size":"auto","background-attachment":"scroll","background-type":"","background-media":"","overlay-type":"","overlay-color":"","overlay-opacity":"","overlay-gradient":""}},"footnotes":""},"categories":[5,3],"tags":[13,14],"class_list":["post-257","post","type-post","status-publish","format-standard","hentry","category-borderline","category-tcc","tag-borderline","tag-pleine-conscience"],"yoast_head":"<!-- This site is optimized with the Yoast SEO plugin v24.5 - https:\/\/yoast.com\/wordpress\/plugins\/seo\/ -->\n<title>Pleine conscience &amp; Trouble borderline - Borderline Anxiete TCC<\/title>\n<meta name=\"robots\" content=\"index, follow, max-snippet:-1, max-image-preview:large, max-video-preview:-1\" \/>\n<link rel=\"canonical\" href=\"https:\/\/borderline-anxiete-tcc.fr\/?p=257\" \/>\n<meta property=\"og:locale\" content=\"fr_FR\" \/>\n<meta property=\"og:type\" content=\"article\" \/>\n<meta property=\"og:title\" content=\"Pleine conscience &amp; Trouble borderline - Borderline Anxiete TCC\" \/>\n<meta property=\"og:description\" content=\"Julie, une patiente avec un trouble borderline t\u00e9moigne de son exp\u00e9rience de la pratique de la pleine conscience apr\u00e8s 2 [&hellip;]\" \/>\n<meta property=\"og:url\" content=\"https:\/\/borderline-anxiete-tcc.fr\/?p=257\" \/>\n<meta property=\"og:site_name\" content=\"Borderline Anxiete TCC\" \/>\n<meta property=\"article:author\" content=\"@borderline.anxiete.tcc\" \/>\n<meta property=\"article:published_time\" content=\"2025-12-24T15:52:42+00:00\" \/>\n<meta property=\"article:modified_time\" content=\"2025-12-24T16:18:17+00:00\" \/>\n<meta property=\"og:image\" content=\"https:\/\/borderline-anxiete-tcc.fr\/wp-content\/uploads\/2024\/11\/VignetteNomACL.png\" \/>\n\t<meta property=\"og:image:width\" content=\"359\" \/>\n\t<meta property=\"og:image:height\" content=\"331\" \/>\n\t<meta property=\"og:image:type\" content=\"image\/png\" \/>\n<meta name=\"author\" content=\"Anne-Claire LAFAIT\" \/>\n<meta name=\"twitter:card\" content=\"summary_large_image\" \/>\n<meta name=\"twitter:label1\" content=\"\u00c9crit par\" \/>\n\t<meta name=\"twitter:data1\" content=\"Anne-Claire LAFAIT\" \/>\n\t<meta name=\"twitter:label2\" content=\"Dur\u00e9e de lecture estim\u00e9e\" \/>\n\t<meta name=\"twitter:data2\" content=\"18 minutes\" \/>\n<script type=\"application\/ld+json\" class=\"yoast-schema-graph\">{\"@context\":\"https:\/\/schema.org\",\"@graph\":[{\"@type\":\"Article\",\"@id\":\"https:\/\/borderline-anxiete-tcc.fr\/?p=257#article\",\"isPartOf\":{\"@id\":\"https:\/\/borderline-anxiete-tcc.fr\/?p=257\"},\"author\":{\"name\":\"Anne-Claire LAFAIT\",\"@id\":\"https:\/\/borderline-anxiete-tcc.fr\/#\/schema\/person\/f36b531433d06fc977dec42ab139b052\"},\"headline\":\"Pleine conscience &amp; Trouble borderline\",\"datePublished\":\"2025-12-24T15:52:42+00:00\",\"dateModified\":\"2025-12-24T16:18:17+00:00\",\"mainEntityOfPage\":{\"@id\":\"https:\/\/borderline-anxiete-tcc.fr\/?p=257\"},\"wordCount\":3741,\"publisher\":{\"@id\":\"https:\/\/borderline-anxiete-tcc.fr\/#organization\"},\"image\":{\"@id\":\"https:\/\/borderline-anxiete-tcc.fr\/?p=257#primaryimage\"},\"thumbnailUrl\":\"https:\/\/borderline-anxiete-tcc.fr\/wp-content\/uploads\/2024\/11\/VignetteNomACL.png\",\"keywords\":[\"Borderline\",\"Pleine conscience\"],\"articleSection\":[\"Borderline\",\"THERAPIES\"],\"inLanguage\":\"fr-FR\"},{\"@type\":\"WebPage\",\"@id\":\"https:\/\/borderline-anxiete-tcc.fr\/?p=257\",\"url\":\"https:\/\/borderline-anxiete-tcc.fr\/?p=257\",\"name\":\"Pleine conscience &amp; Trouble borderline - Borderline Anxiete TCC\",\"isPartOf\":{\"@id\":\"https:\/\/borderline-anxiete-tcc.fr\/#website\"},\"primaryImageOfPage\":{\"@id\":\"https:\/\/borderline-anxiete-tcc.fr\/?p=257#primaryimage\"},\"image\":{\"@id\":\"https:\/\/borderline-anxiete-tcc.fr\/?p=257#primaryimage\"},\"thumbnailUrl\":\"https:\/\/borderline-anxiete-tcc.fr\/wp-content\/uploads\/2024\/11\/VignetteNomACL.png\",\"datePublished\":\"2025-12-24T15:52:42+00:00\",\"dateModified\":\"2025-12-24T16:18:17+00:00\",\"breadcrumb\":{\"@id\":\"https:\/\/borderline-anxiete-tcc.fr\/?p=257#breadcrumb\"},\"inLanguage\":\"fr-FR\",\"potentialAction\":[{\"@type\":\"ReadAction\",\"target\":[\"https:\/\/borderline-anxiete-tcc.fr\/?p=257\"]}]},{\"@type\":\"ImageObject\",\"inLanguage\":\"fr-FR\",\"@id\":\"https:\/\/borderline-anxiete-tcc.fr\/?p=257#primaryimage\",\"url\":\"https:\/\/borderline-anxiete-tcc.fr\/wp-content\/uploads\/2024\/11\/VignetteNomACL.png\",\"contentUrl\":\"https:\/\/borderline-anxiete-tcc.fr\/wp-content\/uploads\/2024\/11\/VignetteNomACL.png\",\"width\":359,\"height\":331},{\"@type\":\"BreadcrumbList\",\"@id\":\"https:\/\/borderline-anxiete-tcc.fr\/?p=257#breadcrumb\",\"itemListElement\":[{\"@type\":\"ListItem\",\"position\":1,\"name\":\"Home\",\"item\":\"https:\/\/borderline-anxiete-tcc.fr\/\"},{\"@type\":\"ListItem\",\"position\":2,\"name\":\"Pleine conscience &amp; Trouble borderline\"}]},{\"@type\":\"WebSite\",\"@id\":\"https:\/\/borderline-anxiete-tcc.fr\/#website\",\"url\":\"https:\/\/borderline-anxiete-tcc.fr\/\",\"name\":\"Borderline Anxiete TCC\",\"description\":\"Vulgarisation de la recherche en psychologie clinique\",\"publisher\":{\"@id\":\"https:\/\/borderline-anxiete-tcc.fr\/#organization\"},\"potentialAction\":[{\"@type\":\"SearchAction\",\"target\":{\"@type\":\"EntryPoint\",\"urlTemplate\":\"https:\/\/borderline-anxiete-tcc.fr\/?s={search_term_string}\"},\"query-input\":{\"@type\":\"PropertyValueSpecification\",\"valueRequired\":true,\"valueName\":\"search_term_string\"}}],\"inLanguage\":\"fr-FR\"},{\"@type\":\"Organization\",\"@id\":\"https:\/\/borderline-anxiete-tcc.fr\/#organization\",\"name\":\"Borderline Anxiete TCC\",\"url\":\"https:\/\/borderline-anxiete-tcc.fr\/\",\"logo\":{\"@type\":\"ImageObject\",\"inLanguage\":\"fr-FR\",\"@id\":\"https:\/\/borderline-anxiete-tcc.fr\/#\/schema\/logo\/image\/\",\"url\":\"https:\/\/borderline-anxiete-tcc.fr\/wp-content\/uploads\/2024\/11\/cropped-BATok.png\",\"contentUrl\":\"https:\/\/borderline-anxiete-tcc.fr\/wp-content\/uploads\/2024\/11\/cropped-BATok.png\",\"width\":199,\"height\":191,\"caption\":\"Borderline Anxiete TCC\"},\"image\":{\"@id\":\"https:\/\/borderline-anxiete-tcc.fr\/#\/schema\/logo\/image\/\"}},{\"@type\":\"Person\",\"@id\":\"https:\/\/borderline-anxiete-tcc.fr\/#\/schema\/person\/f36b531433d06fc977dec42ab139b052\",\"name\":\"Anne-Claire LAFAIT\",\"image\":{\"@type\":\"ImageObject\",\"inLanguage\":\"fr-FR\",\"@id\":\"https:\/\/borderline-anxiete-tcc.fr\/#\/schema\/person\/image\/\",\"url\":\"https:\/\/secure.gravatar.com\/avatar\/40f162f16eb3bebc69d36457edcd92547be9d4964e8cdf516c9893cdd5a08c1a?s=96&d=mm&r=g\",\"contentUrl\":\"https:\/\/secure.gravatar.com\/avatar\/40f162f16eb3bebc69d36457edcd92547be9d4964e8cdf516c9893cdd5a08c1a?s=96&d=mm&r=g\",\"caption\":\"Anne-Claire LAFAIT\"},\"sameAs\":[\"https:\/\/borderline-anxiete-tcc.fr\",\"@borderline.anxiete.tcc\",\"https:\/\/www.instagram.com\/borderline.anxiete.tcc\/\"],\"url\":\"https:\/\/borderline-anxiete-tcc.fr\/?author=1\"}]}<\/script>\n<!-- \/ Yoast SEO plugin. -->","yoast_head_json":{"title":"Pleine conscience &amp; Trouble borderline - Borderline Anxiete TCC","robots":{"index":"index","follow":"follow","max-snippet":"max-snippet:-1","max-image-preview":"max-image-preview:large","max-video-preview":"max-video-preview:-1"},"canonical":"https:\/\/borderline-anxiete-tcc.fr\/?p=257","og_locale":"fr_FR","og_type":"article","og_title":"Pleine conscience &amp; Trouble borderline - Borderline Anxiete TCC","og_description":"Julie, une patiente avec un trouble borderline t\u00e9moigne de son exp\u00e9rience de la pratique de la pleine conscience apr\u00e8s 2 [&hellip;]","og_url":"https:\/\/borderline-anxiete-tcc.fr\/?p=257","og_site_name":"Borderline Anxiete TCC","article_author":"@borderline.anxiete.tcc","article_published_time":"2025-12-24T15:52:42+00:00","article_modified_time":"2025-12-24T16:18:17+00:00","og_image":[{"width":359,"height":331,"url":"https:\/\/borderline-anxiete-tcc.fr\/wp-content\/uploads\/2024\/11\/VignetteNomACL.png","type":"image\/png"}],"author":"Anne-Claire LAFAIT","twitter_card":"summary_large_image","twitter_misc":{"\u00c9crit par":"Anne-Claire LAFAIT","Dur\u00e9e de lecture estim\u00e9e":"18 minutes"},"schema":{"@context":"https:\/\/schema.org","@graph":[{"@type":"Article","@id":"https:\/\/borderline-anxiete-tcc.fr\/?p=257#article","isPartOf":{"@id":"https:\/\/borderline-anxiete-tcc.fr\/?p=257"},"author":{"name":"Anne-Claire LAFAIT","@id":"https:\/\/borderline-anxiete-tcc.fr\/#\/schema\/person\/f36b531433d06fc977dec42ab139b052"},"headline":"Pleine conscience &amp; Trouble borderline","datePublished":"2025-12-24T15:52:42+00:00","dateModified":"2025-12-24T16:18:17+00:00","mainEntityOfPage":{"@id":"https:\/\/borderline-anxiete-tcc.fr\/?p=257"},"wordCount":3741,"publisher":{"@id":"https:\/\/borderline-anxiete-tcc.fr\/#organization"},"image":{"@id":"https:\/\/borderline-anxiete-tcc.fr\/?p=257#primaryimage"},"thumbnailUrl":"https:\/\/borderline-anxiete-tcc.fr\/wp-content\/uploads\/2024\/11\/VignetteNomACL.png","keywords":["Borderline","Pleine conscience"],"articleSection":["Borderline","THERAPIES"],"inLanguage":"fr-FR"},{"@type":"WebPage","@id":"https:\/\/borderline-anxiete-tcc.fr\/?p=257","url":"https:\/\/borderline-anxiete-tcc.fr\/?p=257","name":"Pleine conscience &amp; Trouble borderline - Borderline Anxiete TCC","isPartOf":{"@id":"https:\/\/borderline-anxiete-tcc.fr\/#website"},"primaryImageOfPage":{"@id":"https:\/\/borderline-anxiete-tcc.fr\/?p=257#primaryimage"},"image":{"@id":"https:\/\/borderline-anxiete-tcc.fr\/?p=257#primaryimage"},"thumbnailUrl":"https:\/\/borderline-anxiete-tcc.fr\/wp-content\/uploads\/2024\/11\/VignetteNomACL.png","datePublished":"2025-12-24T15:52:42+00:00","dateModified":"2025-12-24T16:18:17+00:00","breadcrumb":{"@id":"https:\/\/borderline-anxiete-tcc.fr\/?p=257#breadcrumb"},"inLanguage":"fr-FR","potentialAction":[{"@type":"ReadAction","target":["https:\/\/borderline-anxiete-tcc.fr\/?p=257"]}]},{"@type":"ImageObject","inLanguage":"fr-FR","@id":"https:\/\/borderline-anxiete-tcc.fr\/?p=257#primaryimage","url":"https:\/\/borderline-anxiete-tcc.fr\/wp-content\/uploads\/2024\/11\/VignetteNomACL.png","contentUrl":"https:\/\/borderline-anxiete-tcc.fr\/wp-content\/uploads\/2024\/11\/VignetteNomACL.png","width":359,"height":331},{"@type":"BreadcrumbList","@id":"https:\/\/borderline-anxiete-tcc.fr\/?p=257#breadcrumb","itemListElement":[{"@type":"ListItem","position":1,"name":"Home","item":"https:\/\/borderline-anxiete-tcc.fr\/"},{"@type":"ListItem","position":2,"name":"Pleine conscience &amp; Trouble borderline"}]},{"@type":"WebSite","@id":"https:\/\/borderline-anxiete-tcc.fr\/#website","url":"https:\/\/borderline-anxiete-tcc.fr\/","name":"Borderline Anxiete TCC","description":"Vulgarisation de la recherche en psychologie clinique","publisher":{"@id":"https:\/\/borderline-anxiete-tcc.fr\/#organization"},"potentialAction":[{"@type":"SearchAction","target":{"@type":"EntryPoint","urlTemplate":"https:\/\/borderline-anxiete-tcc.fr\/?s={search_term_string}"},"query-input":{"@type":"PropertyValueSpecification","valueRequired":true,"valueName":"search_term_string"}}],"inLanguage":"fr-FR"},{"@type":"Organization","@id":"https:\/\/borderline-anxiete-tcc.fr\/#organization","name":"Borderline Anxiete TCC","url":"https:\/\/borderline-anxiete-tcc.fr\/","logo":{"@type":"ImageObject","inLanguage":"fr-FR","@id":"https:\/\/borderline-anxiete-tcc.fr\/#\/schema\/logo\/image\/","url":"https:\/\/borderline-anxiete-tcc.fr\/wp-content\/uploads\/2024\/11\/cropped-BATok.png","contentUrl":"https:\/\/borderline-anxiete-tcc.fr\/wp-content\/uploads\/2024\/11\/cropped-BATok.png","width":199,"height":191,"caption":"Borderline Anxiete TCC"},"image":{"@id":"https:\/\/borderline-anxiete-tcc.fr\/#\/schema\/logo\/image\/"}},{"@type":"Person","@id":"https:\/\/borderline-anxiete-tcc.fr\/#\/schema\/person\/f36b531433d06fc977dec42ab139b052","name":"Anne-Claire LAFAIT","image":{"@type":"ImageObject","inLanguage":"fr-FR","@id":"https:\/\/borderline-anxiete-tcc.fr\/#\/schema\/person\/image\/","url":"https:\/\/secure.gravatar.com\/avatar\/40f162f16eb3bebc69d36457edcd92547be9d4964e8cdf516c9893cdd5a08c1a?s=96&d=mm&r=g","contentUrl":"https:\/\/secure.gravatar.com\/avatar\/40f162f16eb3bebc69d36457edcd92547be9d4964e8cdf516c9893cdd5a08c1a?s=96&d=mm&r=g","caption":"Anne-Claire LAFAIT"},"sameAs":["https:\/\/borderline-anxiete-tcc.fr","@borderline.anxiete.tcc","https:\/\/www.instagram.com\/borderline.anxiete.tcc\/"],"url":"https:\/\/borderline-anxiete-tcc.fr\/?author=1"}]}},"_links":{"self":[{"href":"https:\/\/borderline-anxiete-tcc.fr\/index.php?rest_route=\/wp\/v2\/posts\/257","targetHints":{"allow":["GET"]}}],"collection":[{"href":"https:\/\/borderline-anxiete-tcc.fr\/index.php?rest_route=\/wp\/v2\/posts"}],"about":[{"href":"https:\/\/borderline-anxiete-tcc.fr\/index.php?rest_route=\/wp\/v2\/types\/post"}],"author":[{"embeddable":true,"href":"https:\/\/borderline-anxiete-tcc.fr\/index.php?rest_route=\/wp\/v2\/users\/1"}],"replies":[{"embeddable":true,"href":"https:\/\/borderline-anxiete-tcc.fr\/index.php?rest_route=%2Fwp%2Fv2%2Fcomments&post=257"}],"version-history":[{"count":8,"href":"https:\/\/borderline-anxiete-tcc.fr\/index.php?rest_route=\/wp\/v2\/posts\/257\/revisions"}],"predecessor-version":[{"id":271,"href":"https:\/\/borderline-anxiete-tcc.fr\/index.php?rest_route=\/wp\/v2\/posts\/257\/revisions\/271"}],"wp:attachment":[{"href":"https:\/\/borderline-anxiete-tcc.fr\/index.php?rest_route=%2Fwp%2Fv2%2Fmedia&parent=257"}],"wp:term":[{"taxonomy":"category","embeddable":true,"href":"https:\/\/borderline-anxiete-tcc.fr\/index.php?rest_route=%2Fwp%2Fv2%2Fcategories&post=257"},{"taxonomy":"post_tag","embeddable":true,"href":"https:\/\/borderline-anxiete-tcc.fr\/index.php?rest_route=%2Fwp%2Fv2%2Ftags&post=257"}],"curies":[{"name":"wp","href":"https:\/\/api.w.org\/{rel}","templated":true}]}}